{"id":3382,"date":"2019-02-03T21:22:09","date_gmt":"2019-02-03T19:22:09","guid":{"rendered":"https:\/\/www.ffw-lauenstein.de\/?p=3382"},"modified":"2019-02-03T21:22:09","modified_gmt":"2019-02-03T19:22:09","slug":"unterstuetzung-fuer-den-rettungsdienst","status":"publish","type":"post","link":"https:\/\/www.ffw-lauenstein.de\/?p=3382","title":{"rendered":"Unterst\u00fctzung f\u00fcr den Rettungsdienst"},"content":{"rendered":"<p>Die Ortsfeuerwehr Lauenstein wurde am 01.02.2019 um 21:30 Uhr zu einer Tragehilfe in die Ostlandstra\u00dfe alarmiert. Zuvor hatten die Freiwilligen Feuerwehrleute&nbsp;den j\u00e4hrlichen&nbsp;UVV und Atemschutz&nbsp;Dienst gehabt. Anschlie\u00dfend haben einige Kameradinnen und Kameraden Mettbr\u00f6tchen auf Ihre Bef\u00f6rderungen und Ehrungen ausgegeben. Deswegen waren viele Feuerwehrleute bei der Alarmierung im Feuerwehrhaus und konnten sehr fr\u00fch ausr\u00fccken. Am Einsatzort angekommen, haben die Freiwilligen Helfer den Rettungsdienst aus Hemmendorf unterst\u00fctzt. Eine Person musste \u00fcber einen engen Treppenraum in den Rettungswagen&nbsp;getragen werden. Mit viel Muskelkraft hat man die Aufgabe gemeistert. Anschlie\u00dfend wurde die Person in ein Krankenhaus gebracht und die Ortsfeuerwehr Lauenstein konnte um 22:00 Uhr einr\u00fccken.<\/p>\n","protected":false},"excerpt":{"rendered":"<p>Die Ortsfeuerwehr Lauenstein wurde am 01.02.2019 um 21:30 Uhr zu einer Tragehilfe in die Ostlandstra\u00dfe alarmiert. Zuvor hatten die Freiwilligen Feuerwehrleute&nbsp;den j\u00e4hrlichen&nbsp;UVV und Atemschutz&nbsp;Dienst gehabt. Anschlie\u00dfend haben einige Kameradinnen und &hellip; <a href=\"https:\/\/www.ffw-lauenstein.de\/?p=3382\" class=\"more-link\"><span class=\"screen-reader-text\">\u201eUnterst\u00fctzung f\u00fcr den Rettungsdienst\u201c <\/span>weiterlesen<\/a><\/p>\n","protected":false},"author":4,"featured_media":0,"comment_status":"closed","ping_status":"open","sticky":false,"template":"","format":"standard","meta":{"ngg_post_thumbnail":0,"footnotes":""},"categories":[1],"tags":[],"class_list":["post-3382","post","type-post","status-publish","format-standard","hentry","category-veranstaltungen"],"_links":{"self":[{"href":"https:\/\/www.ffw-lauenstein.de\/index.php?rest_route=\/wp\/v2\/posts\/3382","targetHints":{"allow":["GET"]}}],"collection":[{"href":"https:\/\/www.ffw-lauenstein.de\/index.php?rest_route=\/wp\/v2\/posts"}],"about":[{"href":"https:\/\/www.ffw-lauenstein.de\/index.php?rest_route=\/wp\/v2\/types\/post"}],"author":[{"embeddable":true,"href":"https:\/\/www.ffw-lauenstein.de\/index.php?rest_route=\/wp\/v2\/users\/4"}],"replies":[{"embeddable":true,"href":"https:\/\/www.ffw-lauenstein.de\/index.php?rest_route=%2Fwp%2Fv2%2Fcomments&post=3382"}],"version-history":[{"count":1,"href":"https:\/\/www.ffw-lauenstein.de\/index.php?rest_route=\/wp\/v2\/posts\/3382\/revisions"}],"predecessor-version":[{"id":3383,"href":"https:\/\/www.ffw-lauenstein.de\/index.php?rest_route=\/wp\/v2\/posts\/3382\/revisions\/3383"}],"wp:attachment":[{"href":"https:\/\/www.ffw-lauenstein.de\/index.php?rest_route=%2Fwp%2Fv2%2Fmedia&parent=3382"}],"wp:term":[{"taxonomy":"category","embeddable":true,"href":"https:\/\/www.ffw-lauenstein.de\/index.php?rest_route=%2Fwp%2Fv2%2Fcategories&post=3382"},{"taxonomy":"post_tag","embeddable":true,"href":"https:\/\/www.ffw-lauenstein.de\/index.php?rest_route=%2Fwp%2Fv2%2Ftags&post=3382"}],"curies":[{"name":"wp","href":"https:\/\/api.w.org\/{rel}","templated":true}]}}