{"id":3400,"date":"2019-02-17T14:32:34","date_gmt":"2019-02-17T12:32:34","guid":{"rendered":"https:\/\/www.ffw-lauenstein.de\/?p=3400"},"modified":"2019-02-17T14:32:34","modified_gmt":"2019-02-17T12:32:34","slug":"winterwanderung-bei-fruehlingshaften-temperaturen","status":"publish","type":"post","link":"https:\/\/www.ffw-lauenstein.de\/?p=3400","title":{"rendered":"Winterwanderung bei fr\u00fchlingshaften Temperaturen"},"content":{"rendered":"<p>Die Einsatzabteilung der Freiwilligen Feuerwehr Lauenstein hat am 16.02.2019 eine Winterwanderung bei fr\u00fchlingshaften Temperaturen veranstaltet. Zuvor haben die Feuerwehrleute Altpapier gesammelt. Die Teilnehmer der Winterwanderung, darunter auch Familienangeh\u00f6rige und Helfer der Feuerwehr,&nbsp;haben sich um 14:30 Uhr am Feuerwehrhaus getroffen. Von dort aus ging es in den Lauensteiner Wald. Man wanderte auf dem J\u00fcrgensweg, am Lauenteich vorbei, Richtung Kuhwiese und um die Burg. Am Lauenteich gab es eine Verpflegungsstation, an der man wieder zu Kr\u00e4ften kam. Der Abschluss fand im Feuerwehrhaus statt. Bei leckerem Gr\u00fcnkohl und vielen Gespr\u00e4chen hat man den Samstagabend ausklingen lassen.<\/p>\n","protected":false},"excerpt":{"rendered":"<p>Die Einsatzabteilung der Freiwilligen Feuerwehr Lauenstein hat am 16.02.2019 eine Winterwanderung bei fr\u00fchlingshaften Temperaturen veranstaltet. Zuvor haben die Feuerwehrleute Altpapier gesammelt. Die Teilnehmer der Winterwanderung, darunter auch Familienangeh\u00f6rige und Helfer &hellip; <a href=\"https:\/\/www.ffw-lauenstein.de\/?p=3400\" class=\"more-link\"><span class=\"screen-reader-text\">\u201eWinterwanderung bei fr\u00fchlingshaften Temperaturen\u201c <\/span>weiterlesen<\/a><\/p>\n","protected":false},"author":4,"featured_media":0,"comment_status":"closed","ping_status":"open","sticky":false,"template":"","format":"standard","meta":{"ngg_post_thumbnail":0,"footnotes":""},"categories":[1],"tags":[],"class_list":["post-3400","post","type-post","status-publish","format-standard","hentry","category-veranstaltungen"],"_links":{"self":[{"href":"https:\/\/www.ffw-lauenstein.de\/index.php?rest_route=\/wp\/v2\/posts\/3400","targetHints":{"allow":["GET"]}}],"collection":[{"href":"https:\/\/www.ffw-lauenstein.de\/index.php?rest_route=\/wp\/v2\/posts"}],"about":[{"href":"https:\/\/www.ffw-lauenstein.de\/index.php?rest_route=\/wp\/v2\/types\/post"}],"author":[{"embeddable":true,"href":"https:\/\/www.ffw-lauenstein.de\/index.php?rest_route=\/wp\/v2\/users\/4"}],"replies":[{"embeddable":true,"href":"https:\/\/www.ffw-lauenstein.de\/index.php?rest_route=%2Fwp%2Fv2%2Fcomments&post=3400"}],"version-history":[{"count":1,"href":"https:\/\/www.ffw-lauenstein.de\/index.php?rest_route=\/wp\/v2\/posts\/3400\/revisions"}],"predecessor-version":[{"id":3401,"href":"https:\/\/www.ffw-lauenstein.de\/index.php?rest_route=\/wp\/v2\/posts\/3400\/revisions\/3401"}],"wp:attachment":[{"href":"https:\/\/www.ffw-lauenstein.de\/index.php?rest_route=%2Fwp%2Fv2%2Fmedia&parent=3400"}],"wp:term":[{"taxonomy":"category","embeddable":true,"href":"https:\/\/www.ffw-lauenstein.de\/index.php?rest_route=%2Fwp%2Fv2%2Fcategories&post=3400"},{"taxonomy":"post_tag","embeddable":true,"href":"https:\/\/www.ffw-lauenstein.de\/index.php?rest_route=%2Fwp%2Fv2%2Ftags&post=3400"}],"curies":[{"name":"wp","href":"https:\/\/api.w.org\/{rel}","templated":true}]}}