{"id":3411,"date":"2019-02-28T18:54:33","date_gmt":"2019-02-28T16:54:33","guid":{"rendered":"https:\/\/www.ffw-lauenstein.de\/?p=3411"},"modified":"2019-02-28T18:55:12","modified_gmt":"2019-02-28T16:55:12","slug":"kleiner-flaechenbrand-am-ithturm","status":"publish","type":"post","link":"https:\/\/www.ffw-lauenstein.de\/?p=3411","title":{"rendered":"Kleiner Fl\u00e4chenbrand am Ithturm"},"content":{"rendered":"<p><!-- x-tinymce\/html -->Die Feuerwehren Lauenstein und Salzhemmendorf wurden&nbsp;am Mittwoch 27.02.2019&nbsp;um 13:54 Uhr zu einem Fl\u00e4chenbrand an den Ithturm alarmiert. Zwei Wanderer, die zuf\u00e4llig an dem Turm vorbei kamen, entdeckten das Feuer und w\u00e4hlten sofort den Notruf 112.<br \/>\nDie Lauensteiner Kameraden fuhren die Einsatzstelle mit ihrem wasserf\u00fchrenden Fahrzeug an und l\u00f6schten die ca.10m\u00b2 gro\u00dfe Brandfl\u00e4che, dabei wurden auch ein Sack mit Grillkohle, Spiritus und ein Grill gefunden.<br \/>\nAufgrund der engen Waldwege blieb die Ortsfeuerwehr Salzhemmendorf unterhalb des Ithturmes in Bereitstellung. Gegen 14:40 Uhr konnten die Einsatzkr\u00e4fte wieder zu ihren Standorten zur\u00fcckkehren.<\/p>\n","protected":false},"excerpt":{"rendered":"<p>Die Feuerwehren Lauenstein und Salzhemmendorf wurden&nbsp;am Mittwoch 27.02.2019&nbsp;um 13:54 Uhr zu einem Fl\u00e4chenbrand an den Ithturm alarmiert. Zwei Wanderer, die zuf\u00e4llig an dem Turm vorbei kamen, entdeckten das Feuer und &hellip; <a href=\"https:\/\/www.ffw-lauenstein.de\/?p=3411\" class=\"more-link\"><span class=\"screen-reader-text\">\u201eKleiner Fl\u00e4chenbrand am Ithturm\u201c <\/span>weiterlesen<\/a><\/p>\n","protected":false},"author":4,"featured_media":0,"comment_status":"closed","ping_status":"open","sticky":false,"template":"","format":"standard","meta":{"ngg_post_thumbnail":0,"footnotes":""},"categories":[1],"tags":[],"class_list":["post-3411","post","type-post","status-publish","format-standard","hentry","category-veranstaltungen"],"_links":{"self":[{"href":"https:\/\/www.ffw-lauenstein.de\/index.php?rest_route=\/wp\/v2\/posts\/3411","targetHints":{"allow":["GET"]}}],"collection":[{"href":"https:\/\/www.ffw-lauenstein.de\/index.php?rest_route=\/wp\/v2\/posts"}],"about":[{"href":"https:\/\/www.ffw-lauenstein.de\/index.php?rest_route=\/wp\/v2\/types\/post"}],"author":[{"embeddable":true,"href":"https:\/\/www.ffw-lauenstein.de\/index.php?rest_route=\/wp\/v2\/users\/4"}],"replies":[{"embeddable":true,"href":"https:\/\/www.ffw-lauenstein.de\/index.php?rest_route=%2Fwp%2Fv2%2Fcomments&post=3411"}],"version-history":[{"count":1,"href":"https:\/\/www.ffw-lauenstein.de\/index.php?rest_route=\/wp\/v2\/posts\/3411\/revisions"}],"predecessor-version":[{"id":3412,"href":"https:\/\/www.ffw-lauenstein.de\/index.php?rest_route=\/wp\/v2\/posts\/3411\/revisions\/3412"}],"wp:attachment":[{"href":"https:\/\/www.ffw-lauenstein.de\/index.php?rest_route=%2Fwp%2Fv2%2Fmedia&parent=3411"}],"wp:term":[{"taxonomy":"category","embeddable":true,"href":"https:\/\/www.ffw-lauenstein.de\/index.php?rest_route=%2Fwp%2Fv2%2Fcategories&post=3411"},{"taxonomy":"post_tag","embeddable":true,"href":"https:\/\/www.ffw-lauenstein.de\/index.php?rest_route=%2Fwp%2Fv2%2Ftags&post=3411"}],"curies":[{"name":"wp","href":"https:\/\/api.w.org\/{rel}","templated":true}]}}