{"id":3417,"date":"2019-03-10T11:01:57","date_gmt":"2019-03-10T09:01:57","guid":{"rendered":"https:\/\/www.ffw-lauenstein.de\/?p=3417"},"modified":"2019-03-10T11:03:37","modified_gmt":"2019-03-10T09:03:37","slug":"vordach-von-garage-abgerissen","status":"publish","type":"post","link":"https:\/\/www.ffw-lauenstein.de\/?p=3417","title":{"rendered":"Vordach von Garage abgerissen"},"content":{"rendered":"<p>Am Abend des 09.03.2019 um 19:41 Uhr wurde die Ortsfeuerwehr Lauenstein zu einem Sturmschaden in den Dahlienweg alarmiert. Ein etwas gr\u00f6\u00dferes Vordach einer Garage ist durch den Sturm&nbsp; abgerissen worden und st\u00fcrzte zu Boden, dabei blockierte es auch den Gehweg. Verletzt wurde niemand.&nbsp;Feuerwehrleute trugen das schwere Dach in den Vorgarten des Gesch\u00e4digten und beseitigten anschlie\u00dfend noch Tr\u00fcmmerteile, die auf der Stra\u00dfe lagen. Kurz darauf konnte Einsatzleiter Jens Brock die Einsatzstelle dem Eigent\u00fcmer \u00fcbergeben und den Befehl zum Abr\u00fccken geben. W\u00e4hrend des Einsatzes war der obere Teil des Dahlienweges gesperrt.<\/p>\n","protected":false},"excerpt":{"rendered":"<p>Am Abend des 09.03.2019 um 19:41 Uhr wurde die Ortsfeuerwehr Lauenstein zu einem Sturmschaden in den Dahlienweg alarmiert. Ein etwas gr\u00f6\u00dferes Vordach einer Garage ist durch den Sturm&nbsp; abgerissen worden &hellip; <a href=\"https:\/\/www.ffw-lauenstein.de\/?p=3417\" class=\"more-link\"><span class=\"screen-reader-text\">\u201eVordach von Garage abgerissen\u201c <\/span>weiterlesen<\/a><\/p>\n","protected":false},"author":4,"featured_media":0,"comment_status":"closed","ping_status":"open","sticky":false,"template":"","format":"standard","meta":{"ngg_post_thumbnail":0,"footnotes":""},"categories":[1],"tags":[],"class_list":["post-3417","post","type-post","status-publish","format-standard","hentry","category-veranstaltungen"],"_links":{"self":[{"href":"https:\/\/www.ffw-lauenstein.de\/index.php?rest_route=\/wp\/v2\/posts\/3417","targetHints":{"allow":["GET"]}}],"collection":[{"href":"https:\/\/www.ffw-lauenstein.de\/index.php?rest_route=\/wp\/v2\/posts"}],"about":[{"href":"https:\/\/www.ffw-lauenstein.de\/index.php?rest_route=\/wp\/v2\/types\/post"}],"author":[{"embeddable":true,"href":"https:\/\/www.ffw-lauenstein.de\/index.php?rest_route=\/wp\/v2\/users\/4"}],"replies":[{"embeddable":true,"href":"https:\/\/www.ffw-lauenstein.de\/index.php?rest_route=%2Fwp%2Fv2%2Fcomments&post=3417"}],"version-history":[{"count":3,"href":"https:\/\/www.ffw-lauenstein.de\/index.php?rest_route=\/wp\/v2\/posts\/3417\/revisions"}],"predecessor-version":[{"id":3420,"href":"https:\/\/www.ffw-lauenstein.de\/index.php?rest_route=\/wp\/v2\/posts\/3417\/revisions\/3420"}],"wp:attachment":[{"href":"https:\/\/www.ffw-lauenstein.de\/index.php?rest_route=%2Fwp%2Fv2%2Fmedia&parent=3417"}],"wp:term":[{"taxonomy":"category","embeddable":true,"href":"https:\/\/www.ffw-lauenstein.de\/index.php?rest_route=%2Fwp%2Fv2%2Fcategories&post=3417"},{"taxonomy":"post_tag","embeddable":true,"href":"https:\/\/www.ffw-lauenstein.de\/index.php?rest_route=%2Fwp%2Fv2%2Ftags&post=3417"}],"curies":[{"name":"wp","href":"https:\/\/api.w.org\/{rel}","templated":true}]}}