{"id":3430,"date":"2019-04-11T17:18:11","date_gmt":"2019-04-11T15:18:11","guid":{"rendered":"https:\/\/www.ffw-lauenstein.de\/?p=3430"},"modified":"2019-04-11T17:23:55","modified_gmt":"2019-04-11T15:23:55","slug":"ernennung-der-gewaehlten-ortsbrandmeister","status":"publish","type":"post","link":"https:\/\/www.ffw-lauenstein.de\/?p=3430","title":{"rendered":"Ernennung der gew\u00e4hlten Ortsbrandmeister"},"content":{"rendered":"<p>Bei der diesj\u00e4hrigen Jahreshauptversammlung im Januar 2019 wurden Hubert Brock als Ortsbrandmeister und Matthias Kutz als stellvertretender Ortsbrandmeister von der Einsatzabteilung der Freiwilligen Feuerwehr Lauenstein wiedergew\u00e4hlt. Am 28. M\u00e4rz 2019 wurden die Beiden vom Gemeinderat best\u00e4tigt. Bei der Gemeinderatssitzung in Osterwald hat der Gemeindeb\u00fcrgermeister die Ernennungsurkunden an die ehrenamtlichen Ortsbrandmeister \u00fcbergeben. Die Ernennung gilt sechs Jahre, bis 28. M\u00e4rz 2025.<\/p>\n<p><a href=\"https:\/\/www.ffw-lauenstein.de\/?attachment_id=3431\" rel=\"attachment wp-att-3431\"><img loading=\"lazy\" decoding=\"async\" width=\"840\" height=\"473\" class=\"alignnone wp-image-3431 size-large\" alt=\"\" src=\"https:\/\/www.ffw-lauenstein.de\/wp-content\/uploads\/2019\/04\/Ernennung-OBM-und-stellv.-OBM-2019_1-e1554996229681-1200x675.jpg\"><\/a><\/p>\n","protected":false},"excerpt":{"rendered":"<p>Bei der diesj\u00e4hrigen Jahreshauptversammlung im Januar 2019 wurden Hubert Brock als Ortsbrandmeister und Matthias Kutz als stellvertretender Ortsbrandmeister von der Einsatzabteilung der Freiwilligen Feuerwehr Lauenstein wiedergew\u00e4hlt. Am 28. M\u00e4rz 2019 &hellip; <a href=\"https:\/\/www.ffw-lauenstein.de\/?p=3430\" class=\"more-link\"><span class=\"screen-reader-text\">\u201eErnennung der gew\u00e4hlten Ortsbrandmeister\u201c <\/span>weiterlesen<\/a><\/p>\n","protected":false},"author":4,"featured_media":0,"comment_status":"closed","ping_status":"open","sticky":false,"template":"","format":"standard","meta":{"ngg_post_thumbnail":0,"footnotes":""},"categories":[17],"tags":[],"class_list":["post-3430","post","type-post","status-publish","format-standard","hentry","category-aktuelles"],"_links":{"self":[{"href":"https:\/\/www.ffw-lauenstein.de\/index.php?rest_route=\/wp\/v2\/posts\/3430","targetHints":{"allow":["GET"]}}],"collection":[{"href":"https:\/\/www.ffw-lauenstein.de\/index.php?rest_route=\/wp\/v2\/posts"}],"about":[{"href":"https:\/\/www.ffw-lauenstein.de\/index.php?rest_route=\/wp\/v2\/types\/post"}],"author":[{"embeddable":true,"href":"https:\/\/www.ffw-lauenstein.de\/index.php?rest_route=\/wp\/v2\/users\/4"}],"replies":[{"embeddable":true,"href":"https:\/\/www.ffw-lauenstein.de\/index.php?rest_route=%2Fwp%2Fv2%2Fcomments&post=3430"}],"version-history":[{"count":3,"href":"https:\/\/www.ffw-lauenstein.de\/index.php?rest_route=\/wp\/v2\/posts\/3430\/revisions"}],"predecessor-version":[{"id":3434,"href":"https:\/\/www.ffw-lauenstein.de\/index.php?rest_route=\/wp\/v2\/posts\/3430\/revisions\/3434"}],"wp:attachment":[{"href":"https:\/\/www.ffw-lauenstein.de\/index.php?rest_route=%2Fwp%2Fv2%2Fmedia&parent=3430"}],"wp:term":[{"taxonomy":"category","embeddable":true,"href":"https:\/\/www.ffw-lauenstein.de\/index.php?rest_route=%2Fwp%2Fv2%2Fcategories&post=3430"},{"taxonomy":"post_tag","embeddable":true,"href":"https:\/\/www.ffw-lauenstein.de\/index.php?rest_route=%2Fwp%2Fv2%2Ftags&post=3430"}],"curies":[{"name":"wp","href":"https:\/\/api.w.org\/{rel}","templated":true}]}}