{"id":3436,"date":"2019-04-27T13:39:29","date_gmt":"2019-04-27T11:39:29","guid":{"rendered":"https:\/\/www.ffw-lauenstein.de\/?p=3436"},"modified":"2019-04-27T13:39:40","modified_gmt":"2019-04-27T11:39:40","slug":"pkw-brand-auf-der-l425","status":"publish","type":"post","link":"https:\/\/www.ffw-lauenstein.de\/?p=3436","title":{"rendered":"PKW Brand auf der L425"},"content":{"rendered":"<p>Mit dem Alarmstichwort \u201eVerkehrsunfall mit eingeklemmter Person, Fahrzeug brennt\u201c wurden am Morgen des 26.04.2019 um 5:55 Uhr die Feuerwehren Lauenstein und Salzhemmendorf auf die L425 zwischen Hemmendorf und Lauenstein alarmiert. Vorort stellte sich heraus das ein PKW frontal gegen einen Baum geprallt ist und das Fahrzeug bereits im Vollbrand stand. Gl\u00fccklicherweise konnte die allein im Fahrzeug befindliche Person noch aus eigener kraft das Wrack verlassen und wurde im Rettungswagen der Hemmendorfer Wache medizinisch behandelt und anschlie\u00dfend in Begleitung des Notarztes ins Krankenhaus gefahren. Die Rettungsgasse zum Einsatzort war gut aufgestellt, so dass die Einsatzkr\u00e4fte die Einsatzstelle schnell erreichen konnten. Die Einsatzkr\u00e4fte der Feuerwehr l\u00f6schten den Fahrzeugbrand und machten ausgelaufene Betriebsstoffe unsch\u00e4dlich. Die Ortsfeuerwehr Lauenstein und der KdoW der Orstfeuerwehr Salzhemmendorf verblieben noch an der Einsatzstelle, bis das verunfallte Fahrzeug von einem Abschleppunternehmen geborgen wurde. Zus\u00e4tzlich wurde die Stra\u00dfe durch eine Fachfirma gereinigt. &nbsp;Die L425 blieb w\u00e4hrend des Einsatzes vom Friedhof Lauenstein bis Ortseingang Hemmendorf gesperrt.<\/p>\n<p><a href=\"https:\/\/www.ffw-lauenstein.de\/?attachment_id=3437\" rel=\"attachment wp-att-3437\"><img loading=\"lazy\" decoding=\"async\" width=\"840\" height=\"473\" class=\"alignnone size-large wp-image-3437\" alt=\"\" src=\"https:\/\/www.ffw-lauenstein.de\/wp-content\/uploads\/2019\/04\/100-1200x675.jpg\" srcset=\"https:\/\/www.ffw-lauenstein.de\/wp-content\/uploads\/2019\/04\/100-1200x675.jpg 1200w, https:\/\/www.ffw-lauenstein.de\/wp-content\/uploads\/2019\/04\/100-250x141.jpg 250w, https:\/\/www.ffw-lauenstein.de\/wp-content\/uploads\/2019\/04\/100-850x478.jpg 850w\" sizes=\"auto, (max-width: 709px) 85vw, (max-width: 909px) 67vw, (max-width: 1362px) 62vw, 840px\" \/><\/a> <a href=\"https:\/\/www.ffw-lauenstein.de\/?attachment_id=3438\" rel=\"attachment wp-att-3438\"><img loading=\"lazy\" decoding=\"async\" width=\"840\" height=\"473\" class=\"alignnone size-large wp-image-3438\" alt=\"\" src=\"https:\/\/www.ffw-lauenstein.de\/wp-content\/uploads\/2019\/04\/300-1200x675.jpg\" srcset=\"https:\/\/www.ffw-lauenstein.de\/wp-content\/uploads\/2019\/04\/300-1200x675.jpg 1200w, https:\/\/www.ffw-lauenstein.de\/wp-content\/uploads\/2019\/04\/300-250x141.jpg 250w, https:\/\/www.ffw-lauenstein.de\/wp-content\/uploads\/2019\/04\/300-850x478.jpg 850w\" sizes=\"auto, (max-width: 709px) 85vw, (max-width: 909px) 67vw, (max-width: 1362px) 62vw, 840px\" \/><\/a> <a href=\"https:\/\/www.ffw-lauenstein.de\/?attachment_id=3439\" rel=\"attachment wp-att-3439\"><img loading=\"lazy\" decoding=\"async\" width=\"840\" height=\"473\" class=\"alignnone size-large wp-image-3439\" alt=\"\" src=\"https:\/\/www.ffw-lauenstein.de\/wp-content\/uploads\/2019\/04\/500-1200x675.jpg\" srcset=\"https:\/\/www.ffw-lauenstein.de\/wp-content\/uploads\/2019\/04\/500-1200x675.jpg 1200w, https:\/\/www.ffw-lauenstein.de\/wp-content\/uploads\/2019\/04\/500-250x141.jpg 250w, https:\/\/www.ffw-lauenstein.de\/wp-content\/uploads\/2019\/04\/500-850x478.jpg 850w\" sizes=\"auto, (max-width: 709px) 85vw, (max-width: 909px) 67vw, (max-width: 1362px) 62vw, 840px\" \/><\/a> <a href=\"https:\/\/www.ffw-lauenstein.de\/?attachment_id=3440\" rel=\"attachment wp-att-3440\"><img loading=\"lazy\" decoding=\"async\" width=\"840\" height=\"473\" class=\"alignnone size-large wp-image-3440\" alt=\"\" src=\"https:\/\/www.ffw-lauenstein.de\/wp-content\/uploads\/2019\/04\/800-1200x675.jpg\" srcset=\"https:\/\/www.ffw-lauenstein.de\/wp-content\/uploads\/2019\/04\/800-1200x675.jpg 1200w, https:\/\/www.ffw-lauenstein.de\/wp-content\/uploads\/2019\/04\/800-250x141.jpg 250w, https:\/\/www.ffw-lauenstein.de\/wp-content\/uploads\/2019\/04\/800-850x478.jpg 850w\" sizes=\"auto, (max-width: 709px) 85vw, (max-width: 909px) 67vw, (max-width: 1362px) 62vw, 840px\" \/><\/a><\/p>\n","protected":false},"excerpt":{"rendered":"<p>Mit dem Alarmstichwort \u201eVerkehrsunfall mit eingeklemmter Person, Fahrzeug brennt\u201c wurden am Morgen des 26.04.2019 um 5:55 Uhr die Feuerwehren Lauenstein und Salzhemmendorf auf die L425 zwischen Hemmendorf und Lauenstein alarmiert. &hellip; <a href=\"https:\/\/www.ffw-lauenstein.de\/?p=3436\" class=\"more-link\"><span class=\"screen-reader-text\">\u201ePKW Brand auf der L425\u201c <\/span>weiterlesen<\/a><\/p>\n","protected":false},"author":4,"featured_media":0,"comment_status":"closed","ping_status":"open","sticky":false,"template":"","format":"standard","meta":{"ngg_post_thumbnail":0,"footnotes":""},"categories":[1],"tags":[],"class_list":["post-3436","post","type-post","status-publish","format-standard","hentry","category-veranstaltungen"],"_links":{"self":[{"href":"https:\/\/www.ffw-lauenstein.de\/index.php?rest_route=\/wp\/v2\/posts\/3436","targetHints":{"allow":["GET"]}}],"collection":[{"href":"https:\/\/www.ffw-lauenstein.de\/index.php?rest_route=\/wp\/v2\/posts"}],"about":[{"href":"https:\/\/www.ffw-lauenstein.de\/index.php?rest_route=\/wp\/v2\/types\/post"}],"author":[{"embeddable":true,"href":"https:\/\/www.ffw-lauenstein.de\/index.php?rest_route=\/wp\/v2\/users\/4"}],"replies":[{"embeddable":true,"href":"https:\/\/www.ffw-lauenstein.de\/index.php?rest_route=%2Fwp%2Fv2%2Fcomments&post=3436"}],"version-history":[{"count":2,"href":"https:\/\/www.ffw-lauenstein.de\/index.php?rest_route=\/wp\/v2\/posts\/3436\/revisions"}],"predecessor-version":[{"id":3442,"href":"https:\/\/www.ffw-lauenstein.de\/index.php?rest_route=\/wp\/v2\/posts\/3436\/revisions\/3442"}],"wp:attachment":[{"href":"https:\/\/www.ffw-lauenstein.de\/index.php?rest_route=%2Fwp%2Fv2%2Fmedia&parent=3436"}],"wp:term":[{"taxonomy":"category","embeddable":true,"href":"https:\/\/www.ffw-lauenstein.de\/index.php?rest_route=%2Fwp%2Fv2%2Fcategories&post=3436"},{"taxonomy":"post_tag","embeddable":true,"href":"https:\/\/www.ffw-lauenstein.de\/index.php?rest_route=%2Fwp%2Fv2%2Ftags&post=3436"}],"curies":[{"name":"wp","href":"https:\/\/api.w.org\/{rel}","templated":true}]}}