{"id":3444,"date":"2019-05-07T11:28:38","date_gmt":"2019-05-07T09:28:38","guid":{"rendered":"https:\/\/www.ffw-lauenstein.de\/?p=3444"},"modified":"2019-05-07T12:02:31","modified_gmt":"2019-05-07T10:02:31","slug":"angenommener-dachstuhlbrand-bestaetigt-sich-nicht","status":"publish","type":"post","link":"https:\/\/www.ffw-lauenstein.de\/?p=3444","title":{"rendered":"Angenommener Dachstuhlbrand best\u00e4tigt sich nicht"},"content":{"rendered":"<p>Der St\u00fctzpunkt Salzhemmendorf, darunter die Ortsfeuerwehren Salzhemmendorf, Lauenstein und Hemmendorf, wurden am Mittwoch den 01.05.2019 um 23:34 Uhr zu einem Dachstuhlbrand nach Hemmendorf alarmiert. Zus\u00e4tzlich machten sich die Drehleiter und eine Tankl\u00f6schfahrzeug aus Hameln und ein weiteres Tankl\u00f6schfahrzeug der Ortsfeuerwehr Oldendorf zu auf den Weg nach Hemmendorf. Nach einer ersten Erkundung am Einsatzort konnten die Tankl\u00f6schfahrzeuge und die Drehleiter Ihre Anfahrt abbrechen. Durch die Witterung wurde Rauch aus einem Kamin in die Wohnung gedr\u00fcckt. So das der Verdacht eines Dachstuhlbrandes bestand. Die Ortsfeuerwehren Salzhemmendorf und Lauenstein konnten dadurch die Einsatzstelle zeitnah verlassen. W\u00e4hrend die FF Hemmendorf die Einsatzstelle mit einer W\u00e4rmebildkamera kontrollierte.<\/p>\n","protected":false},"excerpt":{"rendered":"<p>Der St\u00fctzpunkt Salzhemmendorf, darunter die Ortsfeuerwehren Salzhemmendorf, Lauenstein und Hemmendorf, wurden am Mittwoch den 01.05.2019 um 23:34 Uhr zu einem Dachstuhlbrand nach Hemmendorf alarmiert. Zus\u00e4tzlich machten sich die Drehleiter und &hellip; <a href=\"https:\/\/www.ffw-lauenstein.de\/?p=3444\" class=\"more-link\"><span class=\"screen-reader-text\">\u201eAngenommener Dachstuhlbrand best\u00e4tigt sich nicht\u201c <\/span>weiterlesen<\/a><\/p>\n","protected":false},"author":4,"featured_media":0,"comment_status":"closed","ping_status":"open","sticky":false,"template":"","format":"standard","meta":{"ngg_post_thumbnail":0,"footnotes":""},"categories":[1],"tags":[],"class_list":["post-3444","post","type-post","status-publish","format-standard","hentry","category-veranstaltungen"],"_links":{"self":[{"href":"https:\/\/www.ffw-lauenstein.de\/index.php?rest_route=\/wp\/v2\/posts\/3444","targetHints":{"allow":["GET"]}}],"collection":[{"href":"https:\/\/www.ffw-lauenstein.de\/index.php?rest_route=\/wp\/v2\/posts"}],"about":[{"href":"https:\/\/www.ffw-lauenstein.de\/index.php?rest_route=\/wp\/v2\/types\/post"}],"author":[{"embeddable":true,"href":"https:\/\/www.ffw-lauenstein.de\/index.php?rest_route=\/wp\/v2\/users\/4"}],"replies":[{"embeddable":true,"href":"https:\/\/www.ffw-lauenstein.de\/index.php?rest_route=%2Fwp%2Fv2%2Fcomments&post=3444"}],"version-history":[{"count":2,"href":"https:\/\/www.ffw-lauenstein.de\/index.php?rest_route=\/wp\/v2\/posts\/3444\/revisions"}],"predecessor-version":[{"id":3448,"href":"https:\/\/www.ffw-lauenstein.de\/index.php?rest_route=\/wp\/v2\/posts\/3444\/revisions\/3448"}],"wp:attachment":[{"href":"https:\/\/www.ffw-lauenstein.de\/index.php?rest_route=%2Fwp%2Fv2%2Fmedia&parent=3444"}],"wp:term":[{"taxonomy":"category","embeddable":true,"href":"https:\/\/www.ffw-lauenstein.de\/index.php?rest_route=%2Fwp%2Fv2%2Fcategories&post=3444"},{"taxonomy":"post_tag","embeddable":true,"href":"https:\/\/www.ffw-lauenstein.de\/index.php?rest_route=%2Fwp%2Fv2%2Ftags&post=3444"}],"curies":[{"name":"wp","href":"https:\/\/api.w.org\/{rel}","templated":true}]}}