{"id":3484,"date":"2019-05-11T13:10:10","date_gmt":"2019-05-11T11:10:10","guid":{"rendered":"https:\/\/www.ffw-lauenstein.de\/?p=3484"},"modified":"2019-05-11T13:16:49","modified_gmt":"2019-05-11T11:16:49","slug":"zuguebung-auf-der-biogasanlage-ews-in-lauenstein","status":"publish","type":"post","link":"https:\/\/www.ffw-lauenstein.de\/?p=3484","title":{"rendered":"Zug\u00fcbung auf der Biogasanlage EWS in Lauenstein"},"content":{"rendered":"<p>Der 3. Zug der Kreisfeuerwehrbereitschaft-Ost hat am 03.05.2019 auf dem Gel\u00e4nde der Biogasanlage EWS Lauenstein ge\u00fcbt. Zus\u00e4tzlich wurde auch die Ortsfeuerwehr Salzhemmendorf und der Messwagen aus Lauenstein in die \u00dcbung mit eingebunden.<\/p>\n<p>Bei dem \u00dcbungsszenario ging es darum, eine Lagerhalle, die durch eine defekte Trocknungsanlage f\u00fcr Bioabf\u00e4lle in Brand geraten war zu l\u00f6schen. Ein Mitarbeiter wurde in der Lagerhalle vermisst, zudem befand sich noch konzentrierte Schwefels\u00e4ure in der Halle, die f\u00fcr den Trocknungsprozess ben\u00f6tigt wird. Weitere Gefahren waren Unteranderem eine Photovoltaikanlage auf dem Hallendach und Strohballen, die im inneren der Halle lagerten. Durch die angenommene windige und trockene Wetterlage ist durch Funkenflug noch zus\u00e4tzlich ein Vegetationsbrand entstanden. Eine weitere Person, die sich vor dem Brand auf ein Silomaislager in Sicherheit bringen wollte, wurde versch\u00fcttet. Da es keine Wasserversorgung auf dem Gel\u00e4nde gab, musste zus\u00e4tzlich eine Wasserversorgung aus dem M\u00fchlenbach hergerichtet und \u00fcber eine lange Wegestrecke zur Biogasanlage transportiert werden.<\/p>\n<p>Nachdem alle Aufgaben abgearbeitet wurden und die \u00dcbung beendet werden konnte, sammelten sich die Kameraden zur Abschlussbesprechung auf den Gutshof-Spiegelberg. Zugf\u00fchrer Hubert Brock,der auch die \u00dcbung ausgearbeitet hat,gab sich sehr zufrieden mit der Leistung der Einsatzkr\u00e4fte und der Zusammenarbeit. Die Altersabteilung der Feuerwehr Lauenstein versorgten die Einsatzkr\u00e4fte anschlie\u00dfend mit deftigem vom Grill. &nbsp;&nbsp;<\/p>\n","protected":false},"excerpt":{"rendered":"<p>Der 3. Zug der Kreisfeuerwehrbereitschaft-Ost hat am 03.05.2019 auf dem Gel\u00e4nde der Biogasanlage EWS Lauenstein ge\u00fcbt. Zus\u00e4tzlich wurde auch die Ortsfeuerwehr Salzhemmendorf und der Messwagen aus Lauenstein in die \u00dcbung &hellip; <a href=\"https:\/\/www.ffw-lauenstein.de\/?p=3484\" class=\"more-link\"><span class=\"screen-reader-text\">\u201eZug\u00fcbung auf der Biogasanlage EWS in Lauenstein\u201c <\/span>weiterlesen<\/a><\/p>\n","protected":false},"author":4,"featured_media":0,"comment_status":"closed","ping_status":"open","sticky":false,"template":"","format":"standard","meta":{"ngg_post_thumbnail":0,"footnotes":""},"categories":[1],"tags":[],"class_list":["post-3484","post","type-post","status-publish","format-standard","hentry","category-veranstaltungen"],"_links":{"self":[{"href":"https:\/\/www.ffw-lauenstein.de\/index.php?rest_route=\/wp\/v2\/posts\/3484","targetHints":{"allow":["GET"]}}],"collection":[{"href":"https:\/\/www.ffw-lauenstein.de\/index.php?rest_route=\/wp\/v2\/posts"}],"about":[{"href":"https:\/\/www.ffw-lauenstein.de\/index.php?rest_route=\/wp\/v2\/types\/post"}],"author":[{"embeddable":true,"href":"https:\/\/www.ffw-lauenstein.de\/index.php?rest_route=\/wp\/v2\/users\/4"}],"replies":[{"embeddable":true,"href":"https:\/\/www.ffw-lauenstein.de\/index.php?rest_route=%2Fwp%2Fv2%2Fcomments&post=3484"}],"version-history":[{"count":3,"href":"https:\/\/www.ffw-lauenstein.de\/index.php?rest_route=\/wp\/v2\/posts\/3484\/revisions"}],"predecessor-version":[{"id":3487,"href":"https:\/\/www.ffw-lauenstein.de\/index.php?rest_route=\/wp\/v2\/posts\/3484\/revisions\/3487"}],"wp:attachment":[{"href":"https:\/\/www.ffw-lauenstein.de\/index.php?rest_route=%2Fwp%2Fv2%2Fmedia&parent=3484"}],"wp:term":[{"taxonomy":"category","embeddable":true,"href":"https:\/\/www.ffw-lauenstein.de\/index.php?rest_route=%2Fwp%2Fv2%2Fcategories&post=3484"},{"taxonomy":"post_tag","embeddable":true,"href":"https:\/\/www.ffw-lauenstein.de\/index.php?rest_route=%2Fwp%2Fv2%2Ftags&post=3484"}],"curies":[{"name":"wp","href":"https:\/\/api.w.org\/{rel}","templated":true}]}}