{"id":3503,"date":"2019-06-08T16:20:25","date_gmt":"2019-06-08T14:20:25","guid":{"rendered":"https:\/\/www.ffw-lauenstein.de\/?p=3503"},"modified":"2019-06-08T16:30:34","modified_gmt":"2019-06-08T14:30:34","slug":"feuerwehrfest-zum-95-jaehrigen-bestehen","status":"publish","type":"post","link":"https:\/\/www.ffw-lauenstein.de\/?p=3503","title":{"rendered":"Feuerwehrfest zum 95-j\u00e4hrigen Bestehen"},"content":{"rendered":"<p>Das 95-j\u00e4hrige Bestehen der FFW Lauenstein feierten wir am 24.+25.Mai 2019 in und an der Mehrzweckhalle.<\/p>\n<p>Am Freitag, 24.Mai wurde das Fest mit dem Empfang befreundeter Ortswehren und Lauensteiner Vereine und dem Kommers, unter musikalischer Begleitung des Musikzuges der FFW Wallensen, er\u00f6ffnet. Im Anschluss hie\u00df es &#8222;Tanzfl\u00e4che frei&#8220; mit DJ G\u00fcnay. Au\u00dferdem gab es eine Showeinlage der Zumbagirls des MTV.<\/p>\n<p>Am Samstag, 25.Mai startete um 14 Uhr ein Kinderfestumzug, an dem u.a. Kinder- und Jugendfeuerwehren aus dem Flecken, unsere Partnerfeuerwehr aus Schmerzke, die Grundschule Salzhemmendorf und der Kindergarten Lauenstein teilnahmen. Nach dem Umzug fand das Kinderfest, u.a. mit einer &#8222;Feuerwehrauto&#8220;-H\u00fcpfburg und mit Karussell und Zuckerwatte, &nbsp;statt. In der Halle gab es zudem eine Kaffee- und Kuchentafel der Altersabteilung und ein Konzert des Jugendspielmannszug Lauenstein.<\/p>\n<p>Am Abend lie\u00dfen sich 160 Teilnehmer der Katervesper das Essen schmecken, w\u00e4hrend der Musikzug der FFW D\u00f6rpe aufspielte.<\/p>\n<p>Anschlie\u00dfend kam die Live-Coverband &#8222;Happy Connection&#8220; auf die B\u00fchne, begleitet von einem Auftritt der MTV-Tanzgruppe. &#8222;Happy Connection&#8220; spielte Songs f\u00fcr jeden Geschmack und sorgte somit bis sp\u00e4t in die Nacht f\u00fcr beste Partystimmung.&nbsp;<\/p>\n<p>Das Fest mit sehr vielen Besuchern war ein voller Erfolg. Wir m\u00f6chten uns bei allen Helferinnen und Helfern und Unterst\u00fctzern ganz herzlich bedanken.<\/p>\n<p>Nun geht unser Blick &#8211; langsam aber sicher &#8211; voraus auf das Jubil\u00e4um zum 100-j\u00e4hrigen Bestehen in 2024.<\/p>\n<p style=\"text-align: left;\">&nbsp;<a href=\"https:\/\/www.ffw-lauenstein.de\/?attachment_id=3504\" rel=\"attachment wp-att-3504\"> <img loading=\"lazy\" decoding=\"async\" width=\"1600\" height=\"777\" class=\"size-full wp-image-3504 alignnone\" alt=\"\" src=\"https:\/\/www.ffw-lauenstein.de\/wp-content\/uploads\/2019\/06\/IMG-20190607-WA0002.jpg\" srcset=\"https:\/\/www.ffw-lauenstein.de\/wp-content\/uploads\/2019\/06\/IMG-20190607-WA0002.jpg 1600w, https:\/\/www.ffw-lauenstein.de\/wp-content\/uploads\/2019\/06\/IMG-20190607-WA0002-768x373.jpg 768w, https:\/\/www.ffw-lauenstein.de\/wp-content\/uploads\/2019\/06\/IMG-20190607-WA0002-1200x583.jpg 1200w\" sizes=\"auto, (max-width: 709px) 85vw, (max-width: 909px) 67vw, (max-width: 1362px) 62vw, 840px\" \/><\/a><\/p>\n<p><em>Weitere Bilder und Videos finden Sie auf der Homepage der Gemeindefeuerwehr Salzhemmendorf, unter:<\/em><\/p>\n<p><em>https:\/\/gf-salzhemmendorf.de\/de\/bildergalerie\/95-jahre-freiwillige-feuerwehr-lauenstein\/<\/em><\/p>\n<p>&nbsp;<\/p>\n<p>&nbsp;<\/p>\n<p>&nbsp;<\/p>\n<p>&nbsp;<\/p>\n<p>&nbsp;<\/p>\n<p>&nbsp;<\/p>\n","protected":false},"excerpt":{"rendered":"<p>Das 95-j\u00e4hrige Bestehen der FFW Lauenstein feierten wir am 24.+25.Mai 2019 in und an der Mehrzweckhalle. Am Freitag, 24.Mai wurde das Fest mit dem Empfang befreundeter Ortswehren und Lauensteiner Vereine &hellip; <a href=\"https:\/\/www.ffw-lauenstein.de\/?p=3503\" class=\"more-link\"><span class=\"screen-reader-text\">\u201eFeuerwehrfest zum 95-j\u00e4hrigen Bestehen\u201c <\/span>weiterlesen<\/a><\/p>\n","protected":false},"author":3,"featured_media":0,"comment_status":"closed","ping_status":"open","sticky":false,"template":"","format":"standard","meta":{"ngg_post_thumbnail":0,"footnotes":""},"categories":[1],"tags":[],"class_list":["post-3503","post","type-post","status-publish","format-standard","hentry","category-veranstaltungen"],"_links":{"self":[{"href":"https:\/\/www.ffw-lauenstein.de\/index.php?rest_route=\/wp\/v2\/posts\/3503","targetHints":{"allow":["GET"]}}],"collection":[{"href":"https:\/\/www.ffw-lauenstein.de\/index.php?rest_route=\/wp\/v2\/posts"}],"about":[{"href":"https:\/\/www.ffw-lauenstein.de\/index.php?rest_route=\/wp\/v2\/types\/post"}],"author":[{"embeddable":true,"href":"https:\/\/www.ffw-lauenstein.de\/index.php?rest_route=\/wp\/v2\/users\/3"}],"replies":[{"embeddable":true,"href":"https:\/\/www.ffw-lauenstein.de\/index.php?rest_route=%2Fwp%2Fv2%2Fcomments&post=3503"}],"version-history":[{"count":7,"href":"https:\/\/www.ffw-lauenstein.de\/index.php?rest_route=\/wp\/v2\/posts\/3503\/revisions"}],"predecessor-version":[{"id":3511,"href":"https:\/\/www.ffw-lauenstein.de\/index.php?rest_route=\/wp\/v2\/posts\/3503\/revisions\/3511"}],"wp:attachment":[{"href":"https:\/\/www.ffw-lauenstein.de\/index.php?rest_route=%2Fwp%2Fv2%2Fmedia&parent=3503"}],"wp:term":[{"taxonomy":"category","embeddable":true,"href":"https:\/\/www.ffw-lauenstein.de\/index.php?rest_route=%2Fwp%2Fv2%2Fcategories&post=3503"},{"taxonomy":"post_tag","embeddable":true,"href":"https:\/\/www.ffw-lauenstein.de\/index.php?rest_route=%2Fwp%2Fv2%2Ftags&post=3503"}],"curies":[{"name":"wp","href":"https:\/\/api.w.org\/{rel}","templated":true}]}}