{"id":3521,"date":"2019-07-23T19:47:11","date_gmt":"2019-07-23T17:47:11","guid":{"rendered":"https:\/\/www.ffw-lauenstein.de\/?p=3521"},"modified":"2019-07-23T19:47:11","modified_gmt":"2019-07-23T17:47:11","slug":"kinderfeuerwehrzeltlager-in-bad-pyrmont","status":"publish","type":"post","link":"https:\/\/www.ffw-lauenstein.de\/?p=3521","title":{"rendered":"Kinderfeuerwehrzeltlager in Bad Pyrmont"},"content":{"rendered":"<p>Vom 28.06-30.06.2019 fand das 2. Kreiskinderfeuerwehrzeltager des Landkreises Hameln -Pyrmont statt. Nat\u00fcrlich waren auch wir wieder mit dabei und sind mit voller Vorfreude nach Bad Pyrmont zum Zeltlager angereist. Dort angekommen bezogen wir unsere Zelte und bereiteten uns auf ein spannendes Zeltlagerwochenende vor. Unsere Betreuer und einige aus der Einsatzabteilung hatten bereits am Vortag schon das Zelt und unsere Betten aufgebaut, so konnten wir gleich unsere Betten herrichten und die Gegend erforschen. Nach der gro\u00dfen Begr\u00fc\u00dfung fand das gemeinsame Abendessen statt. Zur gro\u00dfen Freude kam zum Abendprogramm ein Zauberer, der einen spannenden und lustigen Auftritt gezeigt hat. Viel zu schnell ging der erste Tag zu Ende. Der n\u00e4chste Tag startete mit dem gemeinsamen Wecken. Nach dem Fr\u00fchst\u00fcck ging es auch gleich los zum Wasserv\u00f6lkerball Turnier. Dort hatten wir viel Spa\u00df und konnten gute Endergebnisse erzielen. Es folgte im Anschluss das gemeinsame Mittagessen und danach hatten wir ein bisschen Pause. Nachmittags gab es bei bestem Wetter, eine Rallye durch den Schlo\u00dfpark von Bad Pyrmont mit verschiedenen Aufgaben, die wir zwischendurch l\u00f6sen mussten. Als wir sp\u00e4ter wieder am Zeltlager angekommen sind, ging es f\u00fcr uns gleich mit Badesachen gewappnet zur Abk\u00fchlung ins k\u00fchle Nass. Zum Abendprogramm fand eine Kinder-Disco statt. Leider ging auch dieser Tag wieder viel zu schnell zu Ende. Am letzten Tag wurden wir mit Musik geweckt und nach dem Fr\u00fchst\u00fcck fingen wir auch schon an unsere Sachen zu packen. Bei der Siegerehrung konnten wir den 9. Platz von 18 Gruppen belegen. Wo wir sehr stolz drauf sind. Wir freuen uns schon auf das n\u00e4chste Zeltlager in 3 Jahren!<\/p>\n","protected":false},"excerpt":{"rendered":"<p>Vom 28.06-30.06.2019 fand das 2. Kreiskinderfeuerwehrzeltager des Landkreises Hameln -Pyrmont statt. Nat\u00fcrlich waren auch wir wieder mit dabei und sind mit voller Vorfreude nach Bad Pyrmont zum Zeltlager angereist. Dort &hellip; <a href=\"https:\/\/www.ffw-lauenstein.de\/?p=3521\" class=\"more-link\"><span class=\"screen-reader-text\">\u201eKinderfeuerwehrzeltlager in Bad Pyrmont\u201c <\/span>weiterlesen<\/a><\/p>\n","protected":false},"author":4,"featured_media":0,"comment_status":"closed","ping_status":"open","sticky":false,"template":"","format":"standard","meta":{"ngg_post_thumbnail":0,"footnotes":""},"categories":[13],"tags":[],"class_list":["post-3521","post","type-post","status-publish","format-standard","hentry","category-sonstiges"],"_links":{"self":[{"href":"https:\/\/www.ffw-lauenstein.de\/index.php?rest_route=\/wp\/v2\/posts\/3521","targetHints":{"allow":["GET"]}}],"collection":[{"href":"https:\/\/www.ffw-lauenstein.de\/index.php?rest_route=\/wp\/v2\/posts"}],"about":[{"href":"https:\/\/www.ffw-lauenstein.de\/index.php?rest_route=\/wp\/v2\/types\/post"}],"author":[{"embeddable":true,"href":"https:\/\/www.ffw-lauenstein.de\/index.php?rest_route=\/wp\/v2\/users\/4"}],"replies":[{"embeddable":true,"href":"https:\/\/www.ffw-lauenstein.de\/index.php?rest_route=%2Fwp%2Fv2%2Fcomments&post=3521"}],"version-history":[{"count":1,"href":"https:\/\/www.ffw-lauenstein.de\/index.php?rest_route=\/wp\/v2\/posts\/3521\/revisions"}],"predecessor-version":[{"id":3522,"href":"https:\/\/www.ffw-lauenstein.de\/index.php?rest_route=\/wp\/v2\/posts\/3521\/revisions\/3522"}],"wp:attachment":[{"href":"https:\/\/www.ffw-lauenstein.de\/index.php?rest_route=%2Fwp%2Fv2%2Fmedia&parent=3521"}],"wp:term":[{"taxonomy":"category","embeddable":true,"href":"https:\/\/www.ffw-lauenstein.de\/index.php?rest_route=%2Fwp%2Fv2%2Fcategories&post=3521"},{"taxonomy":"post_tag","embeddable":true,"href":"https:\/\/www.ffw-lauenstein.de\/index.php?rest_route=%2Fwp%2Fv2%2Ftags&post=3521"}],"curies":[{"name":"wp","href":"https:\/\/api.w.org\/{rel}","templated":true}]}}