{"id":3536,"date":"2019-08-19T18:41:19","date_gmt":"2019-08-19T16:41:19","guid":{"rendered":"https:\/\/www.ffw-lauenstein.de\/?p=3536"},"modified":"2019-08-19T18:41:32","modified_gmt":"2019-08-19T16:41:32","slug":"gemeindezeltlager-der-jugendfeuerwehr-in-otterndorf","status":"publish","type":"post","link":"https:\/\/www.ffw-lauenstein.de\/?p=3536","title":{"rendered":"Gemeindezeltlager der Jugendfeuerwehren in Otterndorf"},"content":{"rendered":"<p>Die Jugendfeuerwehr Lauenstein ist vom 03.08.-10.08.2019 ins Gemeindezeltlager nach Otterndorf gefahren. Gemeinsam mit den anderen Jugendfeuerwehren der Gemeinde Salzhemmendorf haben wir uns am Samstag den 03.08.2019 in Oldendorf getroffen. Von da aus fuhren wir mit MTW&#8217;s und Privatfahrzeugen mehrere Stunden Richtung Nordsee. Im Sommercamp Otterndorf angekommen haben wir zu erst die Zelte bezogen und die Gegend erforsc<span class=\"text_exposed_hide\">&#8230;<\/span><span class=\"text_exposed_show\">ht. Vom Deich aus konnten wir die gro\u00dfen Containerschiffe beobachten, die auf den Weg nach Hamburg waren. Einige haben auch die AIDA gesehen. Anschlie\u00dfend haben wir uns f\u00fcr die Spiele und f\u00fcr den K\u00fcchendienst in Gruppen aufgeteilt. Gemeinsam mit der JF Hemmendorf stellten wir die Gruppen &#8222;Tillis Feen&#8220; und die &#8222;Affenbande&#8220;. Am Sonntag haben wir bei einer Camprallye die Umgebung noch besser kennengelernt. W\u00e4hrend der Woche haben wir unter anderem V\u00f6lkerball im Watt, Minigolf und Brennball am See gespielt. Beim Geocaching haben wir einen Schatz gefunden. Zus\u00e4tzlich konnten wir am Reiten, Werken und Pizza backen teilnehmen. Am See konnten wir Schwimmen, Paddeln und Segeln. Damit keine Langeweile aufkommt hat das Jugendforum wieder das Abendprogramm veranstaltet. Bei &#8222;Wetten dass&#8220;, &#8222;Herzblatt&#8220;, Karaoke, Werwolfspiel und einer Disco hatten wir viel Spa\u00df. Bei einem Lagerfeuer haben wir Stockbrot gemacht und Musik geh\u00f6rt. Am Mittwoch haben einige Eltern den langen Weg nach Otterndorf gemacht um Ihre Kinder zu besuchen. Der Donnerstag war f\u00fcr einige Zeltlagerteilnehmer ein besonderer. 15 Teilnehmer, darunter auch 3 Lauensteiner, haben an der Abnahme der Jugendflamme Teil 1 teilgenommen. Hier mussten wir einen Notruf absetzen, Knoten binden und mehrere feuerwehrtechnische Aufgaben l\u00f6sen. Alle haben bestanden. Sarah, Sveenja und Kym k\u00f6nnen das Abzeichen mit Stolz an Ihrer Jugendfeuerwehr Kombi tragen. Am Freitag war Freizeit angesagt. Wir sind zu Niedersachsens n\u00f6rdlichsten Punkt gefahren, nach Cuxhaven zur Kugelbake. An der Promenade haben wir ein Eis gegessen. Am Abend war Siegerehrung. Die Gruppe &#8222;Tillis Feen&#8220; hat den 4. von 7 teilnehmenden Gruppen gemacht. Die &#8222;Affenbande&#8220; ist mit dem 1. Platz Lagermeister geworden. Samstag nach dem Zeltplatz reinigen und aufr\u00e4umen ging es wieder nach Hause. Die Woche Zeltlager hat allen wieder riesigen Spa\u00df gemacht und hat uns kameradschftlich weiter zusammengeschwei\u00dft. Wir bedanken uns an das Organisationsteam, welches uns so eine tolle Woche erm\u00f6glicht hat. Wir sind gespannt auf das Kreiszeltlager im n\u00e4chsten Jahr in Bad M\u00fcnder und freuen uns bereits darauf.<\/span><\/p>\n","protected":false},"excerpt":{"rendered":"<p>Die Jugendfeuerwehr Lauenstein ist vom 03.08.-10.08.2019 ins Gemeindezeltlager nach Otterndorf gefahren. Gemeinsam mit den anderen Jugendfeuerwehren der Gemeinde Salzhemmendorf haben wir uns am Samstag den 03.08.2019 in Oldendorf getroffen. Von &hellip; <a href=\"https:\/\/www.ffw-lauenstein.de\/?p=3536\" class=\"more-link\"><span class=\"screen-reader-text\">\u201eGemeindezeltlager der Jugendfeuerwehren in Otterndorf\u201c <\/span>weiterlesen<\/a><\/p>\n","protected":false},"author":4,"featured_media":0,"comment_status":"closed","ping_status":"open","sticky":false,"template":"","format":"standard","meta":{"ngg_post_thumbnail":0,"footnotes":""},"categories":[13],"tags":[],"class_list":["post-3536","post","type-post","status-publish","format-standard","hentry","category-sonstiges"],"_links":{"self":[{"href":"https:\/\/www.ffw-lauenstein.de\/index.php?rest_route=\/wp\/v2\/posts\/3536","targetHints":{"allow":["GET"]}}],"collection":[{"href":"https:\/\/www.ffw-lauenstein.de\/index.php?rest_route=\/wp\/v2\/posts"}],"about":[{"href":"https:\/\/www.ffw-lauenstein.de\/index.php?rest_route=\/wp\/v2\/types\/post"}],"author":[{"embeddable":true,"href":"https:\/\/www.ffw-lauenstein.de\/index.php?rest_route=\/wp\/v2\/users\/4"}],"replies":[{"embeddable":true,"href":"https:\/\/www.ffw-lauenstein.de\/index.php?rest_route=%2Fwp%2Fv2%2Fcomments&post=3536"}],"version-history":[{"count":2,"href":"https:\/\/www.ffw-lauenstein.de\/index.php?rest_route=\/wp\/v2\/posts\/3536\/revisions"}],"predecessor-version":[{"id":3538,"href":"https:\/\/www.ffw-lauenstein.de\/index.php?rest_route=\/wp\/v2\/posts\/3536\/revisions\/3538"}],"wp:attachment":[{"href":"https:\/\/www.ffw-lauenstein.de\/index.php?rest_route=%2Fwp%2Fv2%2Fmedia&parent=3536"}],"wp:term":[{"taxonomy":"category","embeddable":true,"href":"https:\/\/www.ffw-lauenstein.de\/index.php?rest_route=%2Fwp%2Fv2%2Fcategories&post=3536"},{"taxonomy":"post_tag","embeddable":true,"href":"https:\/\/www.ffw-lauenstein.de\/index.php?rest_route=%2Fwp%2Fv2%2Ftags&post=3536"}],"curies":[{"name":"wp","href":"https:\/\/api.w.org\/{rel}","templated":true}]}}