{"id":3555,"date":"2019-09-21T13:36:42","date_gmt":"2019-09-21T11:36:42","guid":{"rendered":"https:\/\/www.ffw-lauenstein.de\/?p=3555"},"modified":"2019-09-21T13:38:56","modified_gmt":"2019-09-21T11:38:56","slug":"neue-regenjacken-fuer-die-jugendfeuerwehr","status":"publish","type":"post","link":"https:\/\/www.ffw-lauenstein.de\/?p=3555","title":{"rendered":"Neue Regenjacken f\u00fcr die Jugendfeuerwehr"},"content":{"rendered":"<p>Am Freitag den 20.09.2019 wurde in einer kleinen Feierstunde der Jugendfeuerwehr Lauenstein neue Regenjacken \u00fcbergeben. Erm\u00f6glicht werden konnte dieses dank der finanziellen Unterst\u00fctzung vom F\u00f6rderverein der Feuerwehr Lauenstein, dem Ortsrat Lauenstein sowie der Otto-Kreibaum-Stiftung. Als Jens Brock sein vorhaben den Sponsoren vortrug waren diese gleich Feuer&amp;Flamme. So konnte der Lauensteiner Jugendwart die Jacken ein paar Wochen sp\u00e4ter in seinen H\u00e4nden halten. Damit diese noch etwas stylischer aussehen, haben Kornelia Deiters und Christa-Maria Tiedau mehrere Abende damit verbracht, das Abzeichen der Jugendfeuerwehr auf die \u00c4rmel der 15 Jacken zu n\u00e4hen. Anstatt die Jugendlichen mit 20 Jahre alten Klamotten zu bestrafen, sollten sie mit der neusten und sichersten Kleidung belohnt werden, waren sich der Ortsb\u00fcrgermeister Erich Weber und Otto Kreibaum einig. Auch sind sich alle einig das die Summe von \u00fcber 1500\u20ac an der richtigen Stelle investiert wurde. Bereits im vergangenen Jahr haben der Ortsrat Lauenstein und die Otto-Kreibaum-Stiftung die Lauensteiner Kinderfeuerwehr mit einer Dienstkleidung ausgestattet.&nbsp;&nbsp;&nbsp;<\/p>\n<p><a href=\"https:\/\/www.ffw-lauenstein.de\/?attachment_id=3557\" rel=\"attachment wp-att-3557\"><img loading=\"lazy\" decoding=\"async\" width=\"800\" height=\"600\" class=\"alignnone size-full wp-image-3557\" alt=\"\" src=\"https:\/\/www.ffw-lauenstein.de\/wp-content\/uploads\/2019\/09\/csm_\u00fcber2_aa8420cfed.jpg\" srcset=\"https:\/\/www.ffw-lauenstein.de\/wp-content\/uploads\/2019\/09\/csm_\u00fcber2_aa8420cfed.jpg 800w, https:\/\/www.ffw-lauenstein.de\/wp-content\/uploads\/2019\/09\/csm_\u00fcber2_aa8420cfed-768x576.jpg 768w\" sizes=\"auto, (max-width: 709px) 85vw, (max-width: 909px) 67vw, (max-width: 984px) 61vw, (max-width: 1362px) 45vw, 600px\" \/><\/a> <a href=\"https:\/\/www.ffw-lauenstein.de\/?attachment_id=3558\" rel=\"attachment wp-att-3558\"><img loading=\"lazy\" decoding=\"async\" width=\"800\" height=\"600\" class=\"alignnone size-large wp-image-3558\" alt=\"\" src=\"https:\/\/www.ffw-lauenstein.de\/wp-content\/uploads\/2019\/09\/csm_\u00fcber3_86d7b7b8f4.jpg\" srcset=\"https:\/\/www.ffw-lauenstein.de\/wp-content\/uploads\/2019\/09\/csm_\u00fcber3_86d7b7b8f4.jpg 800w, https:\/\/www.ffw-lauenstein.de\/wp-content\/uploads\/2019\/09\/csm_\u00fcber3_86d7b7b8f4-768x576.jpg 768w\" sizes=\"auto, (max-width: 709px) 85vw, (max-width: 909px) 67vw, (max-width: 984px) 61vw, (max-width: 1362px) 45vw, 600px\" \/><\/a> <a href=\"https:\/\/www.ffw-lauenstein.de\/?attachment_id=3559\" rel=\"attachment wp-att-3559\"><img loading=\"lazy\" decoding=\"async\" width=\"800\" height=\"600\" class=\"alignnone size-large wp-image-3559\" alt=\"\" src=\"https:\/\/www.ffw-lauenstein.de\/wp-content\/uploads\/2019\/09\/csm_\u00fcber4_237ddc09a3.jpg\" srcset=\"https:\/\/www.ffw-lauenstein.de\/wp-content\/uploads\/2019\/09\/csm_\u00fcber4_237ddc09a3.jpg 800w, https:\/\/www.ffw-lauenstein.de\/wp-content\/uploads\/2019\/09\/csm_\u00fcber4_237ddc09a3-768x576.jpg 768w\" sizes=\"auto, (max-width: 709px) 85vw, (max-width: 909px) 67vw, (max-width: 984px) 61vw, (max-width: 1362px) 45vw, 600px\" \/><\/a> <a href=\"https:\/\/www.ffw-lauenstein.de\/?attachment_id=3560\" rel=\"attachment wp-att-3560\"><img loading=\"lazy\" decoding=\"async\" width=\"800\" height=\"600\" class=\"alignnone size-large wp-image-3560\" alt=\"\" src=\"https:\/\/www.ffw-lauenstein.de\/wp-content\/uploads\/2019\/09\/csm_\u00fcber5_e2454a4f28.jpg\" srcset=\"https:\/\/www.ffw-lauenstein.de\/wp-content\/uploads\/2019\/09\/csm_\u00fcber5_e2454a4f28.jpg 800w, https:\/\/www.ffw-lauenstein.de\/wp-content\/uploads\/2019\/09\/csm_\u00fcber5_e2454a4f28-768x576.jpg 768w\" sizes=\"auto, (max-width: 709px) 85vw, (max-width: 909px) 67vw, (max-width: 984px) 61vw, (max-width: 1362px) 45vw, 600px\" \/><\/a> <a href=\"https:\/\/www.ffw-lauenstein.de\/?attachment_id=3561\" rel=\"attachment wp-att-3561\"><img loading=\"lazy\" decoding=\"async\" width=\"800\" height=\"600\" class=\"alignnone size-large wp-image-3561\" alt=\"\" src=\"https:\/\/www.ffw-lauenstein.de\/wp-content\/uploads\/2019\/09\/csm_\u00fcber7_853485d3ec.jpg\" srcset=\"https:\/\/www.ffw-lauenstein.de\/wp-content\/uploads\/2019\/09\/csm_\u00fcber7_853485d3ec.jpg 800w, https:\/\/www.ffw-lauenstein.de\/wp-content\/uploads\/2019\/09\/csm_\u00fcber7_853485d3ec-768x576.jpg 768w\" sizes=\"auto, (max-width: 709px) 85vw, (max-width: 909px) 67vw, (max-width: 984px) 61vw, (max-width: 1362px) 45vw, 600px\" \/><\/a> <a href=\"https:\/\/www.ffw-lauenstein.de\/?attachment_id=3562\" rel=\"attachment wp-att-3562\"><img loading=\"lazy\" decoding=\"async\" width=\"800\" height=\"600\" class=\"alignnone size-large wp-image-3562\" alt=\"\" src=\"https:\/\/www.ffw-lauenstein.de\/wp-content\/uploads\/2019\/09\/csm_\u00fcber8_f808447850.jpg\" srcset=\"https:\/\/www.ffw-lauenstein.de\/wp-content\/uploads\/2019\/09\/csm_\u00fcber8_f808447850.jpg 800w, https:\/\/www.ffw-lauenstein.de\/wp-content\/uploads\/2019\/09\/csm_\u00fcber8_f808447850-768x576.jpg 768w\" sizes=\"auto, (max-width: 709px) 85vw, (max-width: 909px) 67vw, (max-width: 984px) 61vw, (max-width: 1362px) 45vw, 600px\" \/><\/a> <a href=\"https:\/\/www.ffw-lauenstein.de\/?attachment_id=3563\" rel=\"attachment wp-att-3563\"><img loading=\"lazy\" decoding=\"async\" width=\"800\" height=\"600\" class=\"alignnone size-large wp-image-3563\" alt=\"\" src=\"https:\/\/www.ffw-lauenstein.de\/wp-content\/uploads\/2019\/09\/IMG_20180525_180513540.jpg\" srcset=\"https:\/\/www.ffw-lauenstein.de\/wp-content\/uploads\/2019\/09\/IMG_20180525_180513540.jpg 800w, https:\/\/www.ffw-lauenstein.de\/wp-content\/uploads\/2019\/09\/IMG_20180525_180513540-768x576.jpg 768w\" sizes=\"auto, (max-width: 709px) 85vw, (max-width: 909px) 67vw, (max-width: 984px) 61vw, (max-width: 1362px) 45vw, 600px\" \/><\/a><\/p>\n","protected":false},"excerpt":{"rendered":"<p>Am Freitag den 20.09.2019 wurde in einer kleinen Feierstunde der Jugendfeuerwehr Lauenstein neue Regenjacken \u00fcbergeben. Erm\u00f6glicht werden konnte dieses dank der finanziellen Unterst\u00fctzung vom F\u00f6rderverein der Feuerwehr Lauenstein, dem Ortsrat &hellip; <a href=\"https:\/\/www.ffw-lauenstein.de\/?p=3555\" class=\"more-link\"><span class=\"screen-reader-text\">\u201eNeue Regenjacken f\u00fcr die Jugendfeuerwehr\u201c <\/span>weiterlesen<\/a><\/p>\n","protected":false},"author":4,"featured_media":0,"comment_status":"closed","ping_status":"open","sticky":false,"template":"","format":"standard","meta":{"ngg_post_thumbnail":0,"footnotes":""},"categories":[17],"tags":[],"class_list":["post-3555","post","type-post","status-publish","format-standard","hentry","category-aktuelles"],"_links":{"self":[{"href":"https:\/\/www.ffw-lauenstein.de\/index.php?rest_route=\/wp\/v2\/posts\/3555","targetHints":{"allow":["GET"]}}],"collection":[{"href":"https:\/\/www.ffw-lauenstein.de\/index.php?rest_route=\/wp\/v2\/posts"}],"about":[{"href":"https:\/\/www.ffw-lauenstein.de\/index.php?rest_route=\/wp\/v2\/types\/post"}],"author":[{"embeddable":true,"href":"https:\/\/www.ffw-lauenstein.de\/index.php?rest_route=\/wp\/v2\/users\/4"}],"replies":[{"embeddable":true,"href":"https:\/\/www.ffw-lauenstein.de\/index.php?rest_route=%2Fwp%2Fv2%2Fcomments&post=3555"}],"version-history":[{"count":3,"href":"https:\/\/www.ffw-lauenstein.de\/index.php?rest_route=\/wp\/v2\/posts\/3555\/revisions"}],"predecessor-version":[{"id":3565,"href":"https:\/\/www.ffw-lauenstein.de\/index.php?rest_route=\/wp\/v2\/posts\/3555\/revisions\/3565"}],"wp:attachment":[{"href":"https:\/\/www.ffw-lauenstein.de\/index.php?rest_route=%2Fwp%2Fv2%2Fmedia&parent=3555"}],"wp:term":[{"taxonomy":"category","embeddable":true,"href":"https:\/\/www.ffw-lauenstein.de\/index.php?rest_route=%2Fwp%2Fv2%2Fcategories&post=3555"},{"taxonomy":"post_tag","embeddable":true,"href":"https:\/\/www.ffw-lauenstein.de\/index.php?rest_route=%2Fwp%2Fv2%2Ftags&post=3555"}],"curies":[{"name":"wp","href":"https:\/\/api.w.org\/{rel}","templated":true}]}}