{"id":3797,"date":"2019-10-20T10:48:11","date_gmt":"2019-10-20T08:48:11","guid":{"rendered":"https:\/\/www.ffw-lauenstein.de\/?p=3797"},"modified":"2019-10-20T10:50:54","modified_gmt":"2019-10-20T08:50:54","slug":"naechtliche-tragehilfe-fuer-den-rettungsdienst","status":"publish","type":"post","link":"https:\/\/www.ffw-lauenstein.de\/?p=3797","title":{"rendered":"N\u00e4chtliche Tragehilfe f\u00fcr den Rettungsdienst"},"content":{"rendered":"<p>Die Ortsfeuerwehr Lauenstein wurde am 20.10.2019 um 01:48 Uhr zu einer Tragehilfe in die Flachrotten alarmiert. Der Rettungsdienst und ein Notarztteam haben sich bereits um einen Patienten gek\u00fcmmert und Ihn stabilisiert. Weil die Erdgeschosswohnung sehr eng war und neben den Patienten auch zwei Ger\u00e4te und eine Infusion getragen werden musste, hat sich der Rettungsdienst die Unterst\u00fctzung der Lauensteiner Feuerwehrleute geholt. Mit sechs Personen wurde der Patient und die Ger\u00e4te schonend in den Rettungswagen getragen. Um 02:15 Uhr waren die Feuerwehrleute wieder am Standort und konnten zur\u00fcck nach Hause ins Bett.<\/p>\n","protected":false},"excerpt":{"rendered":"<p>Die Ortsfeuerwehr Lauenstein wurde am 20.10.2019 um 01:48 Uhr zu einer Tragehilfe in die Flachrotten alarmiert. Der Rettungsdienst und ein Notarztteam haben sich bereits um einen Patienten gek\u00fcmmert und Ihn &hellip; <a href=\"https:\/\/www.ffw-lauenstein.de\/?p=3797\" class=\"more-link\"><span class=\"screen-reader-text\">\u201eN\u00e4chtliche Tragehilfe f\u00fcr den Rettungsdienst\u201c <\/span>weiterlesen<\/a><\/p>\n","protected":false},"author":4,"featured_media":0,"comment_status":"closed","ping_status":"open","sticky":false,"template":"","format":"standard","meta":{"ngg_post_thumbnail":0,"footnotes":""},"categories":[1],"tags":[],"class_list":["post-3797","post","type-post","status-publish","format-standard","hentry","category-veranstaltungen"],"_links":{"self":[{"href":"https:\/\/www.ffw-lauenstein.de\/index.php?rest_route=\/wp\/v2\/posts\/3797","targetHints":{"allow":["GET"]}}],"collection":[{"href":"https:\/\/www.ffw-lauenstein.de\/index.php?rest_route=\/wp\/v2\/posts"}],"about":[{"href":"https:\/\/www.ffw-lauenstein.de\/index.php?rest_route=\/wp\/v2\/types\/post"}],"author":[{"embeddable":true,"href":"https:\/\/www.ffw-lauenstein.de\/index.php?rest_route=\/wp\/v2\/users\/4"}],"replies":[{"embeddable":true,"href":"https:\/\/www.ffw-lauenstein.de\/index.php?rest_route=%2Fwp%2Fv2%2Fcomments&post=3797"}],"version-history":[{"count":3,"href":"https:\/\/www.ffw-lauenstein.de\/index.php?rest_route=\/wp\/v2\/posts\/3797\/revisions"}],"predecessor-version":[{"id":3802,"href":"https:\/\/www.ffw-lauenstein.de\/index.php?rest_route=\/wp\/v2\/posts\/3797\/revisions\/3802"}],"wp:attachment":[{"href":"https:\/\/www.ffw-lauenstein.de\/index.php?rest_route=%2Fwp%2Fv2%2Fmedia&parent=3797"}],"wp:term":[{"taxonomy":"category","embeddable":true,"href":"https:\/\/www.ffw-lauenstein.de\/index.php?rest_route=%2Fwp%2Fv2%2Fcategories&post=3797"},{"taxonomy":"post_tag","embeddable":true,"href":"https:\/\/www.ffw-lauenstein.de\/index.php?rest_route=%2Fwp%2Fv2%2Ftags&post=3797"}],"curies":[{"name":"wp","href":"https:\/\/api.w.org\/{rel}","templated":true}]}}