{"id":3807,"date":"2019-10-31T11:36:03","date_gmt":"2019-10-31T09:36:03","guid":{"rendered":"https:\/\/www.ffw-lauenstein.de\/?p=3807"},"modified":"2019-10-31T11:37:43","modified_gmt":"2019-10-31T09:37:43","slug":"abnahme-der-jugendflamme-1-und-2-in-lauenstein","status":"publish","type":"post","link":"https:\/\/www.ffw-lauenstein.de\/?p=3807","title":{"rendered":"Abnahme der Jugendflamme 1 und 2 in Lauenstein"},"content":{"rendered":"<p>Am 30.10.2019 wurden im Lauensteiner Kulturf\u00f6rderhaus die Jugendflammen 1 und 2 auf Gemeindeebene abgenommen. Jugendliche aus Lauenstein und Hemmendorf haben nach monatelangem \u00dcben Ihr Wissen unter Beweis gestellt. Bei der Jugendflamme eins mussten die Teilnehmer einen Notruf absetzten, ein Hydrantenschild, sowie ein C-Strahlrohr und einen Verteiler erkl\u00e4ren. Zus\u00e4tzlich musste eine Krankentrage aufgebaut und erkl\u00e4rt werden und ein C-Schlauch ordnungsgem\u00e4\u00df auf- und abgerollt werden und drei feuerwehrtechnische Knoten Ihrer Wahl gebunden werden. Bei der Jugendflamme 2 musste ein Standrohr an einem Unterflurhydranten gesetzt werden, zwei B-Kupplungen mittels Maschinistenschl\u00fcssel zusammengekuppelt werden, eine Stra\u00dfensicherung durchgef\u00fchrt werden, ein Wasserwerfer aufgebaut werden und es mussten zwei per Zufall ausgew\u00e4hlte feuerwehrtechnische Ger\u00e4te erkl\u00e4rt werden. Alle Teilnehmer haben die Pr\u00fcfungen bestanden und k\u00f6nnen Ihr Abzeichen stolz an Ihrer Uniform tragen. Von Lauenstein haben die Jugendflamme 1, Katharina, Janes, Maurice und Jan-Luca erworben. Die Jugendflamme 2 hat aus Lauenstein Alexandra bestanden.<\/p>\n<p><a href=\"https:\/\/www.ffw-lauenstein.de\/?attachment_id=3808\" rel=\"attachment wp-att-3808\"><img loading=\"lazy\" decoding=\"async\" width=\"800\" height=\"600\" class=\"alignnone size-full wp-image-3808\" alt=\"\" src=\"https:\/\/www.ffw-lauenstein.de\/wp-content\/uploads\/2019\/10\/csm_jfl4_1fb216819e.jpg\" srcset=\"https:\/\/www.ffw-lauenstein.de\/wp-content\/uploads\/2019\/10\/csm_jfl4_1fb216819e.jpg 800w, https:\/\/www.ffw-lauenstein.de\/wp-content\/uploads\/2019\/10\/csm_jfl4_1fb216819e-768x576.jpg 768w\" sizes=\"auto, (max-width: 709px) 85vw, (max-width: 909px) 67vw, (max-width: 984px) 61vw, (max-width: 1362px) 45vw, 600px\" \/><\/a><\/p>\n","protected":false},"excerpt":{"rendered":"<p>Am 30.10.2019 wurden im Lauensteiner Kulturf\u00f6rderhaus die Jugendflammen 1 und 2 auf Gemeindeebene abgenommen. Jugendliche aus Lauenstein und Hemmendorf haben nach monatelangem \u00dcben Ihr Wissen unter Beweis gestellt. Bei der &hellip; <a href=\"https:\/\/www.ffw-lauenstein.de\/?p=3807\" class=\"more-link\"><span class=\"screen-reader-text\">\u201eAbnahme der Jugendflamme 1 und 2 in Lauenstein\u201c <\/span>weiterlesen<\/a><\/p>\n","protected":false},"author":4,"featured_media":0,"comment_status":"closed","ping_status":"open","sticky":false,"template":"","format":"standard","meta":{"ngg_post_thumbnail":0,"footnotes":""},"categories":[13],"tags":[],"class_list":["post-3807","post","type-post","status-publish","format-standard","hentry","category-sonstiges"],"_links":{"self":[{"href":"https:\/\/www.ffw-lauenstein.de\/index.php?rest_route=\/wp\/v2\/posts\/3807","targetHints":{"allow":["GET"]}}],"collection":[{"href":"https:\/\/www.ffw-lauenstein.de\/index.php?rest_route=\/wp\/v2\/posts"}],"about":[{"href":"https:\/\/www.ffw-lauenstein.de\/index.php?rest_route=\/wp\/v2\/types\/post"}],"author":[{"embeddable":true,"href":"https:\/\/www.ffw-lauenstein.de\/index.php?rest_route=\/wp\/v2\/users\/4"}],"replies":[{"embeddable":true,"href":"https:\/\/www.ffw-lauenstein.de\/index.php?rest_route=%2Fwp%2Fv2%2Fcomments&post=3807"}],"version-history":[{"count":2,"href":"https:\/\/www.ffw-lauenstein.de\/index.php?rest_route=\/wp\/v2\/posts\/3807\/revisions"}],"predecessor-version":[{"id":3810,"href":"https:\/\/www.ffw-lauenstein.de\/index.php?rest_route=\/wp\/v2\/posts\/3807\/revisions\/3810"}],"wp:attachment":[{"href":"https:\/\/www.ffw-lauenstein.de\/index.php?rest_route=%2Fwp%2Fv2%2Fmedia&parent=3807"}],"wp:term":[{"taxonomy":"category","embeddable":true,"href":"https:\/\/www.ffw-lauenstein.de\/index.php?rest_route=%2Fwp%2Fv2%2Fcategories&post=3807"},{"taxonomy":"post_tag","embeddable":true,"href":"https:\/\/www.ffw-lauenstein.de\/index.php?rest_route=%2Fwp%2Fv2%2Ftags&post=3807"}],"curies":[{"name":"wp","href":"https:\/\/api.w.org\/{rel}","templated":true}]}}