{"id":3929,"date":"2020-01-19T18:15:45","date_gmt":"2020-01-19T16:15:45","guid":{"rendered":"https:\/\/www.ffw-lauenstein.de\/?p=3929"},"modified":"2020-01-19T18:15:45","modified_gmt":"2020-01-19T16:15:45","slug":"jahreshauptversammlung-der-jugendfeuerwehr-3","status":"publish","type":"post","link":"https:\/\/www.ffw-lauenstein.de\/?p=3929","title":{"rendered":"Jahreshauptversammlung der Jugendfeuerwehr"},"content":{"rendered":"<p>Am Freitag den 17.01.2020 hat Jugendwart Jens Brock zur Jahreshauptversammlung der Jugendfeuerwehr Lauenstein eingeladen. Der Einladung sind auch G\u00e4ste der Gemeinde- und Kreisjugendfeuerwehr gefolgt. Neben den Jugendlichen und Ihren Eltern war auch die Ortsfeuerwehrf\u00fchrung und die Kinderfeuerwehrf\u00fchrung anwesend. Knapp 40 Personen f\u00fcllten den Aufenthaltsraum des Feuerwehrhauses in Lauenstein. Jens Brock berichtete aus dem Jahr 2019. Die Jugendlichen haben an 70 \u00dcbungsdiensten und anderen Veranstaltungen teilgenommen. Dabei leisteten die Jugendlichen \u00fcber 2770 Dienststunden und waren 11 Tage auf Zeltlager und Fahrten. Die Gruppenf\u00fchrerin Alexandra hat einen Bericht \u00fcber das Gemeindezeltlager in Otterndorf gehalten. Die Jugendfeuerwehr Lauenstein hat im vergangenen Jahr an vielen Veranstaltungen teilgenommen oder war selber Ausrichter. Eine Fahrt nach Bottrop in den Movie Park wurde auch unternommen. Einige Jugendliche haben Ihr erlerntes Wissen bei der Jugendflamme 1 und 2 unter Beweis gestellt und haben die Abzeichen bestanden. Bei den Wahlen wurde Alexandra zur Gruppenf\u00fchrerin gew\u00e4hlt, Kym Ihr Stellvertreter und Sarah zur Jugendforumssprecherin. Nach \u00fcber 15 Jahren hat die Jugendfeuerwehr neue Regenjacken bekommen. Diese Anschaffung konnte durch Spenden realisiert werden. Bianca, Julian und Christoph wurden mit einer Urkunde verabschiedet. Ein Umzug und das Erreichen des H\u00f6chstalters sorgten f\u00fcr die Verabschiedung. Florian wird in die Einsatzabteilung \u00fcbernommen. Damien wurde von der Kinderfeuerwehr in die Jugendfeuerwehr \u00fcbernommen. Desweiterten bedankte sich Jens Brock f\u00fcr die tolle Unterst\u00fctzung bei den Altpapiersammlungen. Nach \u00fcber 13 Jahren Jugendarbeit und zuvor 6 Jahren Mitglied in der Jugendfeuerwehr Lauenstein hat Jens Brock sein Amt zur Verf\u00fcgung gestellt. Lucas Ulbrich wird den Posten den Jugendwartes \u00fcbernehmen. Die Jugendlichen und Betreuer haben Jens zum Dank f\u00fcr die geleistete Arbeit ein tolles Video erstellt. Dem scheidenden Jugendwart und manch anderen Teilnehmern r\u00fchrte die emotionale Situation f\u00fcr Tr\u00e4nen. Zum Abschluss gab es f\u00fcr alle Hot Dogs und es wurden Bilder aus dem Jahr 2019 gezeigt.<\/p>\n<p><a href=\"https:\/\/www.ffw-lauenstein.de\/?attachment_id=3930\" rel=\"attachment wp-att-3930\"><img loading=\"lazy\" decoding=\"async\" width=\"840\" height=\"473\" class=\"alignnone size-large wp-image-3930\" alt=\"\" src=\"https:\/\/www.ffw-lauenstein.de\/wp-content\/uploads\/2020\/01\/DSCN5893-1200x675.jpg\" srcset=\"https:\/\/www.ffw-lauenstein.de\/wp-content\/uploads\/2020\/01\/DSCN5893-1200x675.jpg 1200w, https:\/\/www.ffw-lauenstein.de\/wp-content\/uploads\/2020\/01\/DSCN5893-250x141.jpg 250w, https:\/\/www.ffw-lauenstein.de\/wp-content\/uploads\/2020\/01\/DSCN5893-850x478.jpg 850w\" sizes=\"auto, (max-width: 709px) 85vw, (max-width: 909px) 67vw, (max-width: 1362px) 62vw, 840px\" \/><\/a> <a href=\"https:\/\/www.ffw-lauenstein.de\/?attachment_id=3931\" rel=\"attachment wp-att-3931\"><img loading=\"lazy\" decoding=\"async\" width=\"840\" height=\"473\" class=\"alignnone size-large wp-image-3931\" alt=\"\" src=\"https:\/\/www.ffw-lauenstein.de\/wp-content\/uploads\/2020\/01\/DSCN5914-1200x675.jpg\" srcset=\"https:\/\/www.ffw-lauenstein.de\/wp-content\/uploads\/2020\/01\/DSCN5914-1200x675.jpg 1200w, https:\/\/www.ffw-lauenstein.de\/wp-content\/uploads\/2020\/01\/DSCN5914-250x141.jpg 250w, https:\/\/www.ffw-lauenstein.de\/wp-content\/uploads\/2020\/01\/DSCN5914-850x478.jpg 850w\" sizes=\"auto, (max-width: 709px) 85vw, (max-width: 909px) 67vw, (max-width: 1362px) 62vw, 840px\" \/><\/a> <a href=\"https:\/\/www.ffw-lauenstein.de\/?attachment_id=3932\" rel=\"attachment wp-att-3932\"><img loading=\"lazy\" decoding=\"async\" width=\"840\" height=\"525\" class=\"alignnone size-large wp-image-3932\" alt=\"\" src=\"https:\/\/www.ffw-lauenstein.de\/wp-content\/uploads\/2020\/01\/IMG-20200119-WA0001-1080x675.jpg\"><\/a><\/p>\n","protected":false},"excerpt":{"rendered":"<p>Am Freitag den 17.01.2020 hat Jugendwart Jens Brock zur Jahreshauptversammlung der Jugendfeuerwehr Lauenstein eingeladen. Der Einladung sind auch G\u00e4ste der Gemeinde- und Kreisjugendfeuerwehr gefolgt. Neben den Jugendlichen und Ihren Eltern &hellip; <a href=\"https:\/\/www.ffw-lauenstein.de\/?p=3929\" class=\"more-link\"><span class=\"screen-reader-text\">\u201eJahreshauptversammlung der Jugendfeuerwehr\u201c <\/span>weiterlesen<\/a><\/p>\n","protected":false},"author":4,"featured_media":0,"comment_status":"closed","ping_status":"open","sticky":false,"template":"","format":"standard","meta":{"ngg_post_thumbnail":0,"footnotes":""},"categories":[17],"tags":[],"class_list":["post-3929","post","type-post","status-publish","format-standard","hentry","category-aktuelles"],"_links":{"self":[{"href":"https:\/\/www.ffw-lauenstein.de\/index.php?rest_route=\/wp\/v2\/posts\/3929","targetHints":{"allow":["GET"]}}],"collection":[{"href":"https:\/\/www.ffw-lauenstein.de\/index.php?rest_route=\/wp\/v2\/posts"}],"about":[{"href":"https:\/\/www.ffw-lauenstein.de\/index.php?rest_route=\/wp\/v2\/types\/post"}],"author":[{"embeddable":true,"href":"https:\/\/www.ffw-lauenstein.de\/index.php?rest_route=\/wp\/v2\/users\/4"}],"replies":[{"embeddable":true,"href":"https:\/\/www.ffw-lauenstein.de\/index.php?rest_route=%2Fwp%2Fv2%2Fcomments&post=3929"}],"version-history":[{"count":1,"href":"https:\/\/www.ffw-lauenstein.de\/index.php?rest_route=\/wp\/v2\/posts\/3929\/revisions"}],"predecessor-version":[{"id":3933,"href":"https:\/\/www.ffw-lauenstein.de\/index.php?rest_route=\/wp\/v2\/posts\/3929\/revisions\/3933"}],"wp:attachment":[{"href":"https:\/\/www.ffw-lauenstein.de\/index.php?rest_route=%2Fwp%2Fv2%2Fmedia&parent=3929"}],"wp:term":[{"taxonomy":"category","embeddable":true,"href":"https:\/\/www.ffw-lauenstein.de\/index.php?rest_route=%2Fwp%2Fv2%2Fcategories&post=3929"},{"taxonomy":"post_tag","embeddable":true,"href":"https:\/\/www.ffw-lauenstein.de\/index.php?rest_route=%2Fwp%2Fv2%2Ftags&post=3929"}],"curies":[{"name":"wp","href":"https:\/\/api.w.org\/{rel}","templated":true}]}}