{"id":3939,"date":"2020-01-25T19:14:04","date_gmt":"2020-01-25T17:14:04","guid":{"rendered":"https:\/\/www.ffw-lauenstein.de\/?p=3939"},"modified":"2020-01-29T21:17:59","modified_gmt":"2020-01-29T19:17:59","slug":"jahreshauptversammlung-der-ffw-lauenstein-2020","status":"publish","type":"post","link":"https:\/\/www.ffw-lauenstein.de\/?p=3939","title":{"rendered":"Jahreshauptversammlung der FFW Lauenstein 2020"},"content":{"rendered":"<p>Am 18.01.2020 fanden die Jahreshauptversammlungen des F\u00f6rdervereins und der Freiwilligen Feuerwehr Lauenstein statt.<\/p>\n<p>Ortsbrandmeister Hubert Brock und sein Stellvertreter Matthias Kutz berichteten den anwesenden 86 Mitgliedern von f\u00fcnf Brandeins\u00e4tzen und 17 Hilfeleistungseins\u00e4tzen.<\/p>\n<p>Die Freiwillige Feuerwehr Lauenstein hat derzeit insgesamt 501 Mitglieder. Die Einsatzabteilung umfasst 36 Mitglieder.<\/p>\n<p>Ein besonderes Highlight 2019 war das Feuerwehrfest im Mai zum 95-j\u00e4hrigen Bestehen, das auch zu der hohen Anzahl von insgesamt 4.894 Dienststunden beitrug.<\/p>\n<p>In der Mitgliederversammlung gab Jens Brock seinen Abschied als Jugendfeuer-wehrwart bekannt, um mehr Zeit f\u00fcr seine Familie zu haben. Sein Nachfolger Lucas Ulbrich, der stellvertretende Jugendfeuerwehrwart Patrick Gr\u00fctz und Betreuerin Alina Cichy bedankten sich bei ihm, auch im Namen der 13 Jugendlichen, und sie machten deutlich, dass Jens Brock dieses Amt seit 2013 mit viel Herzblut und gro\u00dfem Engagement ausgef\u00fcllt hatte.<\/p>\n<p>\u00dcber eine erfreuliche Entwicklung beim Jugendspielmannszug konnte Annika Barein berichten. In den vergangenen 3 Jahren konnte die Anzahl der aktiven Mitglieder beachtlich erh\u00f6ht werden. Die musikalische Nachwuchsarbeit tr\u00e4gt inzwischen Fr\u00fcchte. Der Jugendspielmannszug ist wieder gut aufgestellt und konnte in 2019 mehrfach auftreten. Insbesondere bleibt der Kinderfestumzug beim Feuerwehrfest 2019 in Erinnerung, den der Jugendspielmannszug als einziger Musikzug begleitete. Im Anschluss folgte ein Konzert in der gut gef\u00fcllten Mehrzweckhalle.<\/p>\n<p>Ortsbrandmeister Hubert Brock, sein Stellvertreter Matthias Kutz und der Ehrenabschnittsleiter Frank M\u00fcller bef\u00f6rderten Michael Sch\u00fctze zum Feuerwehr-mann, Alina Cichy und Fiona Ulbrich zu Hautfeuerwehrfrauen und Dirk Bode, J\u00f6rn Cyperski und Bernd Hoffmann zu Oberl\u00f6schmeistern. Daniel Jermis wurde im Vorfeld von der Kreisfeuerwehr zum Oberl\u00f6schmeister bef\u00f6rdert. F\u00fcr 40-j\u00e4hrige Mitgliedschaft wurden Martina Fahrenkamp und Monika Risch geehrt. Zudem erhielt Vera Barein f\u00fcr 40-j\u00e4hrige aktive Mitgliedschaft im Spielmannszug die Ehrennadel in Gold mit Diamant von der Bundesvereinigung Deutscher Musikverb\u00e4nde. Florian Utdenwiede wurde von der Jugendfeuerwehr in die Einsatzabteilung \u00fcbergeben. Lukas Keilhoff und Mika Schuler sind Anfang des Jahres in die Einsatzabteilung eingetreten.<\/p>\n<p>Zum Abschluss der Versammlung blickte Ortsbrandmeister Hubert Brock auf das Jahr 2020 voraus. Dieses Jahr steht insbesondere im Zeichen der 30-j\u00e4hrigen Partnerschaft mit der Freiwilligen Feuerwehr Schmerzke. Aus diesem Anlass wird im September 2020 eine gemeinsame Fahrt nach Wernigerode, mit Besichtigung der ehemaligen Grenzabschnitts in H\u00f6tensleben, veranstaltet.<\/p>\n<p><a href=\"https:\/\/www.ffw-lauenstein.de\/?attachment_id=3945\" rel=\"attachment wp-att-3945\"><img loading=\"lazy\" decoding=\"async\" class=\"aligncenter size-full wp-image-3945\" src=\"https:\/\/www.ffw-lauenstein.de\/wp-content\/uploads\/2020\/01\/UTF-8Bef\u00f6rderte-und-Geehrte-sowie-das-Kommando-2.jpg\" alt=\"\" width=\"5506\" height=\"3392\" srcset=\"https:\/\/www.ffw-lauenstein.de\/wp-content\/uploads\/2020\/01\/UTF-8Bef\u00f6rderte-und-Geehrte-sowie-das-Kommando-2.jpg 5506w, https:\/\/www.ffw-lauenstein.de\/wp-content\/uploads\/2020\/01\/UTF-8Bef\u00f6rderte-und-Geehrte-sowie-das-Kommando-2-768x473.jpg 768w, https:\/\/www.ffw-lauenstein.de\/wp-content\/uploads\/2020\/01\/UTF-8Bef\u00f6rderte-und-Geehrte-sowie-das-Kommando-2-1200x739.jpg 1200w\" sizes=\"auto, (max-width: 709px) 85vw, (max-width: 909px) 67vw, (max-width: 1362px) 62vw, 840px\" \/><\/a><\/p>\n<p>&nbsp;<\/p>\n","protected":false},"excerpt":{"rendered":"<p>Am 18.01.2020 fanden die Jahreshauptversammlungen des F\u00f6rdervereins und der Freiwilligen Feuerwehr Lauenstein statt. Ortsbrandmeister Hubert Brock und sein Stellvertreter Matthias Kutz berichteten den anwesenden 86 Mitgliedern von f\u00fcnf Brandeins\u00e4tzen und &hellip; <a href=\"https:\/\/www.ffw-lauenstein.de\/?p=3939\" class=\"more-link\"><span class=\"screen-reader-text\">\u201eJahreshauptversammlung der FFW Lauenstein 2020\u201c <\/span>weiterlesen<\/a><\/p>\n","protected":false},"author":3,"featured_media":0,"comment_status":"closed","ping_status":"open","sticky":false,"template":"","format":"standard","meta":{"ngg_post_thumbnail":0,"footnotes":""},"categories":[1],"tags":[],"class_list":["post-3939","post","type-post","status-publish","format-standard","hentry","category-veranstaltungen"],"_links":{"self":[{"href":"https:\/\/www.ffw-lauenstein.de\/index.php?rest_route=\/wp\/v2\/posts\/3939","targetHints":{"allow":["GET"]}}],"collection":[{"href":"https:\/\/www.ffw-lauenstein.de\/index.php?rest_route=\/wp\/v2\/posts"}],"about":[{"href":"https:\/\/www.ffw-lauenstein.de\/index.php?rest_route=\/wp\/v2\/types\/post"}],"author":[{"embeddable":true,"href":"https:\/\/www.ffw-lauenstein.de\/index.php?rest_route=\/wp\/v2\/users\/3"}],"replies":[{"embeddable":true,"href":"https:\/\/www.ffw-lauenstein.de\/index.php?rest_route=%2Fwp%2Fv2%2Fcomments&post=3939"}],"version-history":[{"count":6,"href":"https:\/\/www.ffw-lauenstein.de\/index.php?rest_route=\/wp\/v2\/posts\/3939\/revisions"}],"predecessor-version":[{"id":3946,"href":"https:\/\/www.ffw-lauenstein.de\/index.php?rest_route=\/wp\/v2\/posts\/3939\/revisions\/3946"}],"wp:attachment":[{"href":"https:\/\/www.ffw-lauenstein.de\/index.php?rest_route=%2Fwp%2Fv2%2Fmedia&parent=3939"}],"wp:term":[{"taxonomy":"category","embeddable":true,"href":"https:\/\/www.ffw-lauenstein.de\/index.php?rest_route=%2Fwp%2Fv2%2Fcategories&post=3939"},{"taxonomy":"post_tag","embeddable":true,"href":"https:\/\/www.ffw-lauenstein.de\/index.php?rest_route=%2Fwp%2Fv2%2Ftags&post=3939"}],"curies":[{"name":"wp","href":"https:\/\/api.w.org\/{rel}","templated":true}]}}