{"id":3948,"date":"2020-02-10T13:18:28","date_gmt":"2020-02-10T11:18:28","guid":{"rendered":"https:\/\/www.ffw-lauenstein.de\/?p=3948"},"modified":"2020-02-10T13:18:28","modified_gmt":"2020-02-10T11:18:28","slug":"unwettereinsatz-durch-sturmtief-sabine","status":"publish","type":"post","link":"https:\/\/www.ffw-lauenstein.de\/?p=3948","title":{"rendered":"Unwettereinsatz durch Sturmtief &#8222;Sabine&#8220;"},"content":{"rendered":"<p>Die Ortsfeuerwehr Lauenstein wurde am Montag den 10.02.2020 um 02:52 Uhr zu einem Unwettereinsatz alarmiert. Das Sturmtief &#8222;Sabine&#8220; ist mit \u00fcber 100 km\/h \u00fcber den Norden Deutschlands gefegt und hat im gesamten Landkreis Hameln-Pyrmont f\u00fcr Unwettereins\u00e4tze gesorgt. Die \u00f6rtliche Einsatzleitung in Salzhemmendorf hat die Lauensteiner zu einer Baumbeseitigung in die Salzhemmendorfer Stra\u00dfe geschickt. Ein Baum hat eine Stra\u00dfenseite zwischen dem alten NP-Markt und der Autowaschanlage versperrt. Nach dem die Stra\u00dfe an der Einsatzstelle&nbsp; aus Sicherheitsgr\u00fcnden gesperrt wurde, haben sich die Feuerwehrleute um die Beseitigung des Baumes gek\u00fcmmert. Nach einer halben Stunde waren die Arbeiten erledigt. Weitere Folgeeins\u00e4tze gab es nicht. So das die freiwilligen Feuerwehrleute nach Hause bzw. kurze Zeit sp\u00e4ter den Weg zu Ihrer Arbeitsstelle antreten konnten.<\/p>\n","protected":false},"excerpt":{"rendered":"<p>Die Ortsfeuerwehr Lauenstein wurde am Montag den 10.02.2020 um 02:52 Uhr zu einem Unwettereinsatz alarmiert. Das Sturmtief &#8222;Sabine&#8220; ist mit \u00fcber 100 km\/h \u00fcber den Norden Deutschlands gefegt und hat &hellip; <a href=\"https:\/\/www.ffw-lauenstein.de\/?p=3948\" class=\"more-link\"><span class=\"screen-reader-text\">\u201eUnwettereinsatz durch Sturmtief &#8222;Sabine&#8220;\u201c <\/span>weiterlesen<\/a><\/p>\n","protected":false},"author":4,"featured_media":0,"comment_status":"closed","ping_status":"open","sticky":false,"template":"","format":"standard","meta":{"ngg_post_thumbnail":0,"footnotes":""},"categories":[1],"tags":[],"class_list":["post-3948","post","type-post","status-publish","format-standard","hentry","category-veranstaltungen"],"_links":{"self":[{"href":"https:\/\/www.ffw-lauenstein.de\/index.php?rest_route=\/wp\/v2\/posts\/3948","targetHints":{"allow":["GET"]}}],"collection":[{"href":"https:\/\/www.ffw-lauenstein.de\/index.php?rest_route=\/wp\/v2\/posts"}],"about":[{"href":"https:\/\/www.ffw-lauenstein.de\/index.php?rest_route=\/wp\/v2\/types\/post"}],"author":[{"embeddable":true,"href":"https:\/\/www.ffw-lauenstein.de\/index.php?rest_route=\/wp\/v2\/users\/4"}],"replies":[{"embeddable":true,"href":"https:\/\/www.ffw-lauenstein.de\/index.php?rest_route=%2Fwp%2Fv2%2Fcomments&post=3948"}],"version-history":[{"count":1,"href":"https:\/\/www.ffw-lauenstein.de\/index.php?rest_route=\/wp\/v2\/posts\/3948\/revisions"}],"predecessor-version":[{"id":3949,"href":"https:\/\/www.ffw-lauenstein.de\/index.php?rest_route=\/wp\/v2\/posts\/3948\/revisions\/3949"}],"wp:attachment":[{"href":"https:\/\/www.ffw-lauenstein.de\/index.php?rest_route=%2Fwp%2Fv2%2Fmedia&parent=3948"}],"wp:term":[{"taxonomy":"category","embeddable":true,"href":"https:\/\/www.ffw-lauenstein.de\/index.php?rest_route=%2Fwp%2Fv2%2Fcategories&post=3948"},{"taxonomy":"post_tag","embeddable":true,"href":"https:\/\/www.ffw-lauenstein.de\/index.php?rest_route=%2Fwp%2Fv2%2Ftags&post=3948"}],"curies":[{"name":"wp","href":"https:\/\/api.w.org\/{rel}","templated":true}]}}