{"id":3976,"date":"2020-03-02T20:17:15","date_gmt":"2020-03-02T18:17:15","guid":{"rendered":"https:\/\/www.ffw-lauenstein.de\/?p=3976"},"modified":"2020-03-02T20:18:18","modified_gmt":"2020-03-02T18:18:18","slug":"fruehstueck-der-einsatzabteilung","status":"publish","type":"post","link":"https:\/\/www.ffw-lauenstein.de\/?p=3976","title":{"rendered":"Fr\u00fchst\u00fcck der Einsatzabteilung"},"content":{"rendered":"<p>Am Sonntag den 01.03.2020 haben sich Mitglieder der Einsatzabteilung und deren Familien, so wie Helfer der Freiwilligen Feuerwehr Lauenstein zu einem gemeinsamen Fr\u00fchst\u00fcck im Feuerwehrhaus getroffen. Bei leckeren Br\u00f6tchen mit verschiedenen Aufstrichen und frisch gebratenem R\u00fchrei mit Speck haben die Teilnehmer einen sch\u00f6nen Vormittag mit Ihren Kameraden und Familien verbracht.<\/p>\n<p>&nbsp;<a href=\"https:\/\/www.ffw-lauenstein.de\/?attachment_id=3978\" rel=\"attachment wp-att-3978\"><img loading=\"lazy\" decoding=\"async\" width=\"840\" height=\"473\" class=\"alignnone size-large wp-image-3978\" alt=\"\" src=\"https:\/\/www.ffw-lauenstein.de\/wp-content\/uploads\/2020\/03\/IMG_20200301_101933689_HDR-1200x675.jpg\" srcset=\"https:\/\/www.ffw-lauenstein.de\/wp-content\/uploads\/2020\/03\/IMG_20200301_101933689_HDR-1200x675.jpg 1200w, https:\/\/www.ffw-lauenstein.de\/wp-content\/uploads\/2020\/03\/IMG_20200301_101933689_HDR-250x141.jpg 250w, https:\/\/www.ffw-lauenstein.de\/wp-content\/uploads\/2020\/03\/IMG_20200301_101933689_HDR-850x478.jpg 850w\" sizes=\"auto, (max-width: 709px) 85vw, (max-width: 909px) 67vw, (max-width: 1362px) 62vw, 840px\" \/><\/a> <a href=\"https:\/\/www.ffw-lauenstein.de\/?attachment_id=3979\" rel=\"attachment wp-att-3979\"><img loading=\"lazy\" decoding=\"async\" width=\"840\" height=\"473\" class=\"alignnone size-large wp-image-3979\" alt=\"\" src=\"https:\/\/www.ffw-lauenstein.de\/wp-content\/uploads\/2020\/03\/IMG_20200301_102136065-1200x675.jpg\" srcset=\"https:\/\/www.ffw-lauenstein.de\/wp-content\/uploads\/2020\/03\/IMG_20200301_102136065-1200x675.jpg 1200w, https:\/\/www.ffw-lauenstein.de\/wp-content\/uploads\/2020\/03\/IMG_20200301_102136065-250x141.jpg 250w, https:\/\/www.ffw-lauenstein.de\/wp-content\/uploads\/2020\/03\/IMG_20200301_102136065-850x478.jpg 850w\" sizes=\"auto, (max-width: 709px) 85vw, (max-width: 909px) 67vw, (max-width: 1362px) 62vw, 840px\" \/><\/a> <a href=\"https:\/\/www.ffw-lauenstein.de\/?attachment_id=3980\" rel=\"attachment wp-att-3980\"><img loading=\"lazy\" decoding=\"async\" width=\"840\" height=\"473\" class=\"alignnone size-large wp-image-3980\" alt=\"\" src=\"https:\/\/www.ffw-lauenstein.de\/wp-content\/uploads\/2020\/03\/IMG_20200301_102149249-1200x675.jpg\" srcset=\"https:\/\/www.ffw-lauenstein.de\/wp-content\/uploads\/2020\/03\/IMG_20200301_102149249-1200x675.jpg 1200w, https:\/\/www.ffw-lauenstein.de\/wp-content\/uploads\/2020\/03\/IMG_20200301_102149249-250x141.jpg 250w, https:\/\/www.ffw-lauenstein.de\/wp-content\/uploads\/2020\/03\/IMG_20200301_102149249-850x478.jpg 850w\" sizes=\"auto, (max-width: 709px) 85vw, (max-width: 909px) 67vw, (max-width: 1362px) 62vw, 840px\" \/><\/a><\/p>\n","protected":false},"excerpt":{"rendered":"<p>Am Sonntag den 01.03.2020 haben sich Mitglieder der Einsatzabteilung und deren Familien, so wie Helfer der Freiwilligen Feuerwehr Lauenstein zu einem gemeinsamen Fr\u00fchst\u00fcck im Feuerwehrhaus getroffen. Bei leckeren Br\u00f6tchen mit &hellip; <a href=\"https:\/\/www.ffw-lauenstein.de\/?p=3976\" class=\"more-link\"><span class=\"screen-reader-text\">\u201eFr\u00fchst\u00fcck der Einsatzabteilung\u201c <\/span>weiterlesen<\/a><\/p>\n","protected":false},"author":4,"featured_media":0,"comment_status":"closed","ping_status":"open","sticky":false,"template":"","format":"standard","meta":{"ngg_post_thumbnail":0,"footnotes":""},"categories":[13],"tags":[],"class_list":["post-3976","post","type-post","status-publish","format-standard","hentry","category-sonstiges"],"_links":{"self":[{"href":"https:\/\/www.ffw-lauenstein.de\/index.php?rest_route=\/wp\/v2\/posts\/3976","targetHints":{"allow":["GET"]}}],"collection":[{"href":"https:\/\/www.ffw-lauenstein.de\/index.php?rest_route=\/wp\/v2\/posts"}],"about":[{"href":"https:\/\/www.ffw-lauenstein.de\/index.php?rest_route=\/wp\/v2\/types\/post"}],"author":[{"embeddable":true,"href":"https:\/\/www.ffw-lauenstein.de\/index.php?rest_route=\/wp\/v2\/users\/4"}],"replies":[{"embeddable":true,"href":"https:\/\/www.ffw-lauenstein.de\/index.php?rest_route=%2Fwp%2Fv2%2Fcomments&post=3976"}],"version-history":[{"count":3,"href":"https:\/\/www.ffw-lauenstein.de\/index.php?rest_route=\/wp\/v2\/posts\/3976\/revisions"}],"predecessor-version":[{"id":3983,"href":"https:\/\/www.ffw-lauenstein.de\/index.php?rest_route=\/wp\/v2\/posts\/3976\/revisions\/3983"}],"wp:attachment":[{"href":"https:\/\/www.ffw-lauenstein.de\/index.php?rest_route=%2Fwp%2Fv2%2Fmedia&parent=3976"}],"wp:term":[{"taxonomy":"category","embeddable":true,"href":"https:\/\/www.ffw-lauenstein.de\/index.php?rest_route=%2Fwp%2Fv2%2Fcategories&post=3976"},{"taxonomy":"post_tag","embeddable":true,"href":"https:\/\/www.ffw-lauenstein.de\/index.php?rest_route=%2Fwp%2Fv2%2Ftags&post=3976"}],"curies":[{"name":"wp","href":"https:\/\/api.w.org\/{rel}","templated":true}]}}