{"id":4026,"date":"2020-04-08T11:47:08","date_gmt":"2020-04-08T09:47:08","guid":{"rendered":"https:\/\/www.ffw-lauenstein.de\/?p=4026"},"modified":"2020-04-08T11:50:14","modified_gmt":"2020-04-08T09:50:14","slug":"fehlalarm-fuer-den-messwagen-lauenstein","status":"publish","type":"post","link":"https:\/\/www.ffw-lauenstein.de\/?p=4026","title":{"rendered":"Fehlalarm f\u00fcr den Messwagen Lauenstein"},"content":{"rendered":"<p>Der Messtrupp Lauenstein wurde am 07.04.2020 um 09:32 Uhr zu einem Brand nach Kirchbrak (LK Holzminden) alarmiert. In einer Hauptschaltzentrale des Kesselhauses der ehemaligen Firma Amco hat es eine Rauchentwicklung gegeben. Daraufhin wurde die Feuerwehr alarmiert. Nach dem der&nbsp; Energieversorger die Schaltzentrale stromlos geschaltet hat, konnte die Feuerwehr die Ursache f\u00fcr die Rauchentwicklung nachgehen. Nach der Erkundung hat ein Waschb\u00e4r einen Kurzschluss ausgel\u00f6st. Der Messtrupp aus Lauenstein, so wie weitere Einsatzkr\u00e4fte wurden versehentlich von der KRL alarmiert. Diese Panne konnte schnell behoben werden. So dass der Messtrupp Lauenstein den Einsatz nicht anfahren musste.<\/p>\n","protected":false},"excerpt":{"rendered":"<p>Der Messtrupp Lauenstein wurde am 07.04.2020 um 09:32 Uhr zu einem Brand nach Kirchbrak (LK Holzminden) alarmiert. In einer Hauptschaltzentrale des Kesselhauses der ehemaligen Firma Amco hat es eine Rauchentwicklung &hellip; <a href=\"https:\/\/www.ffw-lauenstein.de\/?p=4026\" class=\"more-link\"><span class=\"screen-reader-text\">\u201eFehlalarm f\u00fcr den Messwagen Lauenstein\u201c <\/span>weiterlesen<\/a><\/p>\n","protected":false},"author":4,"featured_media":0,"comment_status":"closed","ping_status":"open","sticky":false,"template":"","format":"standard","meta":{"ngg_post_thumbnail":0,"footnotes":""},"categories":[1],"tags":[],"class_list":["post-4026","post","type-post","status-publish","format-standard","hentry","category-veranstaltungen"],"_links":{"self":[{"href":"https:\/\/www.ffw-lauenstein.de\/index.php?rest_route=\/wp\/v2\/posts\/4026","targetHints":{"allow":["GET"]}}],"collection":[{"href":"https:\/\/www.ffw-lauenstein.de\/index.php?rest_route=\/wp\/v2\/posts"}],"about":[{"href":"https:\/\/www.ffw-lauenstein.de\/index.php?rest_route=\/wp\/v2\/types\/post"}],"author":[{"embeddable":true,"href":"https:\/\/www.ffw-lauenstein.de\/index.php?rest_route=\/wp\/v2\/users\/4"}],"replies":[{"embeddable":true,"href":"https:\/\/www.ffw-lauenstein.de\/index.php?rest_route=%2Fwp%2Fv2%2Fcomments&post=4026"}],"version-history":[{"count":2,"href":"https:\/\/www.ffw-lauenstein.de\/index.php?rest_route=\/wp\/v2\/posts\/4026\/revisions"}],"predecessor-version":[{"id":4029,"href":"https:\/\/www.ffw-lauenstein.de\/index.php?rest_route=\/wp\/v2\/posts\/4026\/revisions\/4029"}],"wp:attachment":[{"href":"https:\/\/www.ffw-lauenstein.de\/index.php?rest_route=%2Fwp%2Fv2%2Fmedia&parent=4026"}],"wp:term":[{"taxonomy":"category","embeddable":true,"href":"https:\/\/www.ffw-lauenstein.de\/index.php?rest_route=%2Fwp%2Fv2%2Fcategories&post=4026"},{"taxonomy":"post_tag","embeddable":true,"href":"https:\/\/www.ffw-lauenstein.de\/index.php?rest_route=%2Fwp%2Fv2%2Ftags&post=4026"}],"curies":[{"name":"wp","href":"https:\/\/api.w.org\/{rel}","templated":true}]}}