{"id":4087,"date":"2020-08-31T20:00:07","date_gmt":"2020-08-31T18:00:07","guid":{"rendered":"https:\/\/www.ffw-lauenstein.de\/?p=4087"},"modified":"2020-08-31T20:00:07","modified_gmt":"2020-08-31T18:00:07","slug":"personensuche-in-salzhemmendorf-und-umgebung","status":"publish","type":"post","link":"https:\/\/www.ffw-lauenstein.de\/?p=4087","title":{"rendered":"Personensuche in Salzhemmendorf und Umgebung"},"content":{"rendered":"<p>Seit Samstagabend, den 29.08.2020, suchte die Feuerwehr nach einem an Demenz erkrankten Mann, den eine Salzhemmendorfer Pflegeeinrichtung vermisst gemeldet hat. Nachdem die Einsatzkr\u00e4fte in der Nacht, aufgrund der Dunkelheit, auf ein Minimum reduziert wurde, heulten am Morgen gegen 06:30 Uhr in vielen Orten der Gemeinde die Sirenen und piepten auf den Nachttischen die Meldeempf\u00e4nger der Freiwilligen. Nach und nach trafen die Feuerwehren aus Oldendorf, Hemmendorf, Lauenstein, Salzhemmendorf, Levedagsen, Ockensen und Wallensen am Feuerwehrhaus in Salzhemmendorf ein, wo sie von der Einsatzleitung ihrem Suchgebiet zugewiesen wurden. Mit weit \u00fcber einhundert Feuerwehrkr\u00e4ften wurde erneut nach dem Vermissten gesucht. Drohnen, ein Kradmelder des ABC-Zuges und ein Polizeihubschrauber unterst\u00fctzen die Kameraden. Die SEG Marienau stand mit einem Rettungswagen einsatzbereit am Feuerwehrhaus Salzhemmendorf und die Versorgungsgruppe der Kreisfeuerwehr Hameln-Pyrmont sorgte f\u00fcr die Verpflegung der Einsatzkr\u00e4fte. Drei Hundestaffeln der Johanniter und der Polizei Northeim trafen ebenfalls in Salzhemmendorf ein, doch kamen sie nicht mehr zum Einsatz. Alle Hoffnung das die Suche ein gl\u00fcckliches Ende nehmen w\u00fcrde, zerschlugen sich am Vormittag, als Feuerwehrleute den vermissten Mann entdeckten. Leider kam f\u00fcr ihn jede Hilfe zu sp\u00e4t. Gegen 10:30 Uhr konnte daraufhin die Suche eingestellt werden. Trotz des traurigen ausgangs des Einsatzes sprach Einsatzleiter Thomas H\u00f6lscher den Einsatzkr\u00e4ften gegen\u00fcber seine Hochachtung aus. Auch die Zusammenarbeit mit allen hat v\u00f6llig reibungslos funktioniert.<\/p>\n<p>Im nahmen aller Feuerwehrangeh\u00f6rigen, sprechen wir der Familie des Verstorbenen unser tiefes Mitgef\u00fchl aus und w\u00fcnschen ihnen viel Kraft.<\/p>\n<p>Bericht: Gemeindefeuerwehr Salzhemmendorf<\/p>\n<p>https:\/\/gf-salzhemmendorf.de\/de\/einsaetze\/einsatz-detail\/?tx_operations_list%5Boperation%5D=129&#038;tx_operations_list%5Baction%5D=show&#038;tx_operations_list%5Bcontroller%5D=Operation&#038;cHash=fb4218e6f5f4b437dba991d1bda33146<\/p>\n","protected":false},"excerpt":{"rendered":"<p>Seit Samstagabend, den 29.08.2020, suchte die Feuerwehr nach einem an Demenz erkrankten Mann, den eine Salzhemmendorfer Pflegeeinrichtung vermisst gemeldet hat. Nachdem die Einsatzkr\u00e4fte in der Nacht, aufgrund der Dunkelheit, auf &hellip; <a href=\"https:\/\/www.ffw-lauenstein.de\/?p=4087\" class=\"more-link\"><span class=\"screen-reader-text\">\u201ePersonensuche in Salzhemmendorf und Umgebung\u201c <\/span>weiterlesen<\/a><\/p>\n","protected":false},"author":4,"featured_media":0,"comment_status":"closed","ping_status":"open","sticky":false,"template":"","format":"standard","meta":{"ngg_post_thumbnail":0,"footnotes":""},"categories":[1],"tags":[],"class_list":["post-4087","post","type-post","status-publish","format-standard","hentry","category-veranstaltungen"],"_links":{"self":[{"href":"https:\/\/www.ffw-lauenstein.de\/index.php?rest_route=\/wp\/v2\/posts\/4087","targetHints":{"allow":["GET"]}}],"collection":[{"href":"https:\/\/www.ffw-lauenstein.de\/index.php?rest_route=\/wp\/v2\/posts"}],"about":[{"href":"https:\/\/www.ffw-lauenstein.de\/index.php?rest_route=\/wp\/v2\/types\/post"}],"author":[{"embeddable":true,"href":"https:\/\/www.ffw-lauenstein.de\/index.php?rest_route=\/wp\/v2\/users\/4"}],"replies":[{"embeddable":true,"href":"https:\/\/www.ffw-lauenstein.de\/index.php?rest_route=%2Fwp%2Fv2%2Fcomments&post=4087"}],"version-history":[{"count":1,"href":"https:\/\/www.ffw-lauenstein.de\/index.php?rest_route=\/wp\/v2\/posts\/4087\/revisions"}],"predecessor-version":[{"id":4088,"href":"https:\/\/www.ffw-lauenstein.de\/index.php?rest_route=\/wp\/v2\/posts\/4087\/revisions\/4088"}],"wp:attachment":[{"href":"https:\/\/www.ffw-lauenstein.de\/index.php?rest_route=%2Fwp%2Fv2%2Fmedia&parent=4087"}],"wp:term":[{"taxonomy":"category","embeddable":true,"href":"https:\/\/www.ffw-lauenstein.de\/index.php?rest_route=%2Fwp%2Fv2%2Fcategories&post=4087"},{"taxonomy":"post_tag","embeddable":true,"href":"https:\/\/www.ffw-lauenstein.de\/index.php?rest_route=%2Fwp%2Fv2%2Ftags&post=4087"}],"curies":[{"name":"wp","href":"https:\/\/api.w.org\/{rel}","templated":true}]}}