{"id":4092,"date":"2020-08-31T20:11:00","date_gmt":"2020-08-31T18:11:00","guid":{"rendered":"https:\/\/www.ffw-lauenstein.de\/?p=4092"},"modified":"2020-08-31T20:12:33","modified_gmt":"2020-08-31T18:12:33","slug":"4092","status":"publish","type":"post","link":"https:\/\/www.ffw-lauenstein.de\/?p=4092","title":{"rendered":"Nationaler Warntag am 10. September"},"content":{"rendered":"<p>Am 10.September findet das 1. Mal der Bundesweite Warntag statt. An diesem Tag werden in ganz Deutschland um 11:00 Uhr vormittags die Sirenen heulen. Zudem werden die Warn-Apps wie Nina oder BiWapp eine Probewarnung versenden.<\/p>\n<p>Aber wof\u00fcr ist dieser Tag eigentlich gedacht?<\/p>\n<div class=\"text_exposed_show\">\n<ul>\n<li>Der Bundesweite Warntag wird ab jetzt jedes Jahr am 2. Donnerstag im September durchgef\u00fchrt.<\/li>\n<li>Er soll die Bev\u00f6lkerung zum Thema Warnung sensibilisieren.<\/li>\n<li>Er soll Funktion und Ablauf der Warnung besser verst\u00e4ndlich machen und auf die verf\u00fcgbaren Warnmittel (z. B. Sirenen, Warn-Apps, digitale Werbefl\u00e4chen) aufmerksam zu machen.<\/li>\n<\/ul>\n<p>Der bundesweite Warntag will dazu beitragen, Ihr Wissen um die Warnung in Notlagen zu erh\u00f6hen und damit Ihre Selbstschutzf\u00e4higkeit zu unterst\u00fctzen. Auch die nun bundesweit einheitlichen Sirenensignale sollen bekannter werden.<\/p>\n<p>www.warnung-der-bevoelkerung.de<\/p>\n<\/div>\n","protected":false},"excerpt":{"rendered":"<p>Am 10.September findet das 1. Mal der Bundesweite Warntag statt. An diesem Tag werden in ganz Deutschland um 11:00 Uhr vormittags die Sirenen heulen. Zudem werden die Warn-Apps wie Nina &hellip; <a href=\"https:\/\/www.ffw-lauenstein.de\/?p=4092\" class=\"more-link\"><span class=\"screen-reader-text\">\u201eNationaler Warntag am 10. September\u201c <\/span>weiterlesen<\/a><\/p>\n","protected":false},"author":4,"featured_media":0,"comment_status":"closed","ping_status":"open","sticky":false,"template":"","format":"standard","meta":{"ngg_post_thumbnail":0,"footnotes":""},"categories":[13],"tags":[],"class_list":["post-4092","post","type-post","status-publish","format-standard","hentry","category-sonstiges"],"_links":{"self":[{"href":"https:\/\/www.ffw-lauenstein.de\/index.php?rest_route=\/wp\/v2\/posts\/4092","targetHints":{"allow":["GET"]}}],"collection":[{"href":"https:\/\/www.ffw-lauenstein.de\/index.php?rest_route=\/wp\/v2\/posts"}],"about":[{"href":"https:\/\/www.ffw-lauenstein.de\/index.php?rest_route=\/wp\/v2\/types\/post"}],"author":[{"embeddable":true,"href":"https:\/\/www.ffw-lauenstein.de\/index.php?rest_route=\/wp\/v2\/users\/4"}],"replies":[{"embeddable":true,"href":"https:\/\/www.ffw-lauenstein.de\/index.php?rest_route=%2Fwp%2Fv2%2Fcomments&post=4092"}],"version-history":[{"count":2,"href":"https:\/\/www.ffw-lauenstein.de\/index.php?rest_route=\/wp\/v2\/posts\/4092\/revisions"}],"predecessor-version":[{"id":4094,"href":"https:\/\/www.ffw-lauenstein.de\/index.php?rest_route=\/wp\/v2\/posts\/4092\/revisions\/4094"}],"wp:attachment":[{"href":"https:\/\/www.ffw-lauenstein.de\/index.php?rest_route=%2Fwp%2Fv2%2Fmedia&parent=4092"}],"wp:term":[{"taxonomy":"category","embeddable":true,"href":"https:\/\/www.ffw-lauenstein.de\/index.php?rest_route=%2Fwp%2Fv2%2Fcategories&post=4092"},{"taxonomy":"post_tag","embeddable":true,"href":"https:\/\/www.ffw-lauenstein.de\/index.php?rest_route=%2Fwp%2Fv2%2Ftags&post=4092"}],"curies":[{"name":"wp","href":"https:\/\/api.w.org\/{rel}","templated":true}]}}