{"id":4101,"date":"2020-09-23T21:42:20","date_gmt":"2020-09-23T19:42:20","guid":{"rendered":"https:\/\/www.ffw-lauenstein.de\/?p=4101"},"modified":"2020-09-23T21:42:20","modified_gmt":"2020-09-23T19:42:20","slug":"unrat-brennt-in-kuebel","status":"publish","type":"post","link":"https:\/\/www.ffw-lauenstein.de\/?p=4101","title":{"rendered":"Unrat brennt in K\u00fcbel"},"content":{"rendered":"<p>Die Ortsfeuerwehren Lauenstein und Salzhemmendorf wurden am Mittwochabend um 20:38 Uhr zu einem M\u00fclleimerbrand in die Stra\u00dfe &#8222;Am Freibad&#8220; alarmiert. Aus ungekl\u00e4rten Gr\u00fcnden brannte bis zum Eintreffen der Feuerwehr ein Maurerk\u00fcbel mit Unrat an der Mehrzweckhalle. Durch das schnelle Eingreifen konnte eine Brandausbreitung verhindert werden. Mit dem Schnellangriff des L\u00f6schgruppenfahrzeugs wurde der Brand gel\u00f6scht und die angrenzende Hallenwand gek\u00fchlt. Anschlie\u00dfend wurde die Brandstelle zusammen mit der Polizei kontrolliert.<\/p>\n","protected":false},"excerpt":{"rendered":"<p>Die Ortsfeuerwehren Lauenstein und Salzhemmendorf wurden am Mittwochabend um 20:38 Uhr zu einem M\u00fclleimerbrand in die Stra\u00dfe &#8222;Am Freibad&#8220; alarmiert. Aus ungekl\u00e4rten Gr\u00fcnden brannte bis zum Eintreffen der Feuerwehr ein &hellip; <a href=\"https:\/\/www.ffw-lauenstein.de\/?p=4101\" class=\"more-link\"><span class=\"screen-reader-text\">\u201eUnrat brennt in K\u00fcbel\u201c <\/span>weiterlesen<\/a><\/p>\n","protected":false},"author":4,"featured_media":0,"comment_status":"closed","ping_status":"open","sticky":false,"template":"","format":"standard","meta":{"ngg_post_thumbnail":0,"footnotes":""},"categories":[1],"tags":[],"class_list":["post-4101","post","type-post","status-publish","format-standard","hentry","category-veranstaltungen"],"_links":{"self":[{"href":"https:\/\/www.ffw-lauenstein.de\/index.php?rest_route=\/wp\/v2\/posts\/4101","targetHints":{"allow":["GET"]}}],"collection":[{"href":"https:\/\/www.ffw-lauenstein.de\/index.php?rest_route=\/wp\/v2\/posts"}],"about":[{"href":"https:\/\/www.ffw-lauenstein.de\/index.php?rest_route=\/wp\/v2\/types\/post"}],"author":[{"embeddable":true,"href":"https:\/\/www.ffw-lauenstein.de\/index.php?rest_route=\/wp\/v2\/users\/4"}],"replies":[{"embeddable":true,"href":"https:\/\/www.ffw-lauenstein.de\/index.php?rest_route=%2Fwp%2Fv2%2Fcomments&post=4101"}],"version-history":[{"count":1,"href":"https:\/\/www.ffw-lauenstein.de\/index.php?rest_route=\/wp\/v2\/posts\/4101\/revisions"}],"predecessor-version":[{"id":4102,"href":"https:\/\/www.ffw-lauenstein.de\/index.php?rest_route=\/wp\/v2\/posts\/4101\/revisions\/4102"}],"wp:attachment":[{"href":"https:\/\/www.ffw-lauenstein.de\/index.php?rest_route=%2Fwp%2Fv2%2Fmedia&parent=4101"}],"wp:term":[{"taxonomy":"category","embeddable":true,"href":"https:\/\/www.ffw-lauenstein.de\/index.php?rest_route=%2Fwp%2Fv2%2Fcategories&post=4101"},{"taxonomy":"post_tag","embeddable":true,"href":"https:\/\/www.ffw-lauenstein.de\/index.php?rest_route=%2Fwp%2Fv2%2Ftags&post=4101"}],"curies":[{"name":"wp","href":"https:\/\/api.w.org\/{rel}","templated":true}]}}