{"id":4119,"date":"2020-11-29T21:44:47","date_gmt":"2020-11-29T19:44:47","guid":{"rendered":"https:\/\/www.ffw-lauenstein.de\/?p=4119"},"modified":"2020-11-29T21:44:47","modified_gmt":"2020-11-29T19:44:47","slug":"tueroeffnung-im-rennenberg-2","status":"publish","type":"post","link":"https:\/\/www.ffw-lauenstein.de\/?p=4119","title":{"rendered":"T\u00fcr\u00f6ffnung im Rennenberg"},"content":{"rendered":"<p>Am Abend des 1. Advent, Sonntag den 29.11.2020, wurde die Ortsfeuerwehr Lauenstein gemeinsam mit dem Rettungsdienst aus Hemmendorf um 19:14 Uhr zu einer T\u00fcr\u00f6ffnung in den Rennenberg alarmiert. Hier soll sich eine hilflose Person in der Wohnung befinden. An der Einsatzstelle angekommen wurde sofort eine Erkundung f\u00fcr eine m\u00f6gliches Eindringen in die Wohnung durchgef\u00fchrt. Hierbei konnte durch ein offen stehendes Fenster Kontakt mit der hilflosen Person aufgenommen werden. Kurze Zeit sp\u00e4ter traf der ebenfalls kontaktierte Pflegedienst an der Einsatzstelle an. Dieser hatte einen Schl\u00fcssel zur Wohnung. Somit konnte eine gewaltsame \u00d6ffnung vermieden werden. Der Rettungsdienst behandelte die vermutlich gest\u00fcrzte Person. Im Anschluss halfen die Feuerwehrkameraden dabei den Patienten in den Rettungsdienst zu tragen.<\/p>\n","protected":false},"excerpt":{"rendered":"<p>Am Abend des 1. Advent, Sonntag den 29.11.2020, wurde die Ortsfeuerwehr Lauenstein gemeinsam mit dem Rettungsdienst aus Hemmendorf um 19:14 Uhr zu einer T\u00fcr\u00f6ffnung in den Rennenberg alarmiert. Hier soll &hellip; <a href=\"https:\/\/www.ffw-lauenstein.de\/?p=4119\" class=\"more-link\"><span class=\"screen-reader-text\">\u201eT\u00fcr\u00f6ffnung im Rennenberg\u201c <\/span>weiterlesen<\/a><\/p>\n","protected":false},"author":4,"featured_media":0,"comment_status":"closed","ping_status":"open","sticky":false,"template":"","format":"standard","meta":{"ngg_post_thumbnail":0,"footnotes":""},"categories":[1],"tags":[],"class_list":["post-4119","post","type-post","status-publish","format-standard","hentry","category-veranstaltungen"],"_links":{"self":[{"href":"https:\/\/www.ffw-lauenstein.de\/index.php?rest_route=\/wp\/v2\/posts\/4119","targetHints":{"allow":["GET"]}}],"collection":[{"href":"https:\/\/www.ffw-lauenstein.de\/index.php?rest_route=\/wp\/v2\/posts"}],"about":[{"href":"https:\/\/www.ffw-lauenstein.de\/index.php?rest_route=\/wp\/v2\/types\/post"}],"author":[{"embeddable":true,"href":"https:\/\/www.ffw-lauenstein.de\/index.php?rest_route=\/wp\/v2\/users\/4"}],"replies":[{"embeddable":true,"href":"https:\/\/www.ffw-lauenstein.de\/index.php?rest_route=%2Fwp%2Fv2%2Fcomments&post=4119"}],"version-history":[{"count":1,"href":"https:\/\/www.ffw-lauenstein.de\/index.php?rest_route=\/wp\/v2\/posts\/4119\/revisions"}],"predecessor-version":[{"id":4120,"href":"https:\/\/www.ffw-lauenstein.de\/index.php?rest_route=\/wp\/v2\/posts\/4119\/revisions\/4120"}],"wp:attachment":[{"href":"https:\/\/www.ffw-lauenstein.de\/index.php?rest_route=%2Fwp%2Fv2%2Fmedia&parent=4119"}],"wp:term":[{"taxonomy":"category","embeddable":true,"href":"https:\/\/www.ffw-lauenstein.de\/index.php?rest_route=%2Fwp%2Fv2%2Fcategories&post=4119"},{"taxonomy":"post_tag","embeddable":true,"href":"https:\/\/www.ffw-lauenstein.de\/index.php?rest_route=%2Fwp%2Fv2%2Ftags&post=4119"}],"curies":[{"name":"wp","href":"https:\/\/api.w.org\/{rel}","templated":true}]}}