{"id":4133,"date":"2020-12-13T22:12:52","date_gmt":"2020-12-13T20:12:52","guid":{"rendered":"https:\/\/www.ffw-lauenstein.de\/?p=4133"},"modified":"2020-12-13T22:15:05","modified_gmt":"2020-12-13T20:15:05","slug":"tragehilfe-in-der-ithstrasse","status":"publish","type":"post","link":"https:\/\/www.ffw-lauenstein.de\/?p=4133","title":{"rendered":"Tragehilfe in der Ithstra\u00dfe"},"content":{"rendered":"<p>Nach dem die Freiwilligen Feuerwehrleute am 3. Advent, Sonntag den 13.12.2020, nach Ihrem vorherigen Einsatz Ihr Fahrzeug wieder einsatzbereit machten, piepten die Meldeempf\u00e4nger der Feuerwehrleute erneut. Dieses mal mussten die Einsatzkr\u00e4fte um 15:27 Uhr zu einer Tragehilfe. Der Rettungsdienst hat die Feuerwehr zur Unterst\u00fctzung angefordert. Da es sich um einen vermutlichen Covid-19 Patienten handelte, haben sich 5 Kameraden mit Vollschutzanz\u00fcgen, Schutzbrille und Handschuhen ausger\u00fcstet um eine m\u00f6gliche Infektionsverschleppung zu vermeiden und sich selbst zu sch\u00fctzen. Nach dem der Patient in den Rettungswagen getragen wurde, zogen sich die Kameraden wieder um und entsorgten die kontaminierte Schutzkleidung. Im Anschluss mussten s\u00e4mtliche Ger\u00e4te und Feuerwehrfahrzeuge gereinigt und desinfiziert werden. Nach dem die Fahrzeuge wieder einsatzbereit waren, konnten die Feuerwehrleute p\u00fcnktlich zum Abendessen zu Ihren Familien zur\u00fcckkehren.<\/p>\n<p><a href=\"https:\/\/www.ffw-lauenstein.de\/?attachment_id=4136\" rel=\"attachment wp-att-4136\"><img loading=\"lazy\" decoding=\"async\" class=\"alignnone size-large wp-image-4136\" src=\"https:\/\/www.ffw-lauenstein.de\/wp-content\/uploads\/2020\/12\/IMG_20201213_155537537-1200x675.jpg\" alt=\"\" width=\"840\" height=\"473\" srcset=\"https:\/\/www.ffw-lauenstein.de\/wp-content\/uploads\/2020\/12\/IMG_20201213_155537537-1200x675.jpg 1200w, https:\/\/www.ffw-lauenstein.de\/wp-content\/uploads\/2020\/12\/IMG_20201213_155537537-850x478.jpg 850w, https:\/\/www.ffw-lauenstein.de\/wp-content\/uploads\/2020\/12\/IMG_20201213_155537537-250x141.jpg 250w\" sizes=\"auto, (max-width: 709px) 85vw, (max-width: 909px) 67vw, (max-width: 1362px) 62vw, 840px\" \/><\/a> <a href=\"https:\/\/www.ffw-lauenstein.de\/?attachment_id=4134\" rel=\"attachment wp-att-4134\"><img loading=\"lazy\" decoding=\"async\" class=\"alignnone size-large wp-image-4134\" src=\"https:\/\/www.ffw-lauenstein.de\/wp-content\/uploads\/2020\/12\/IMG_20201213_155241701-1200x675.jpg\" alt=\"\" width=\"840\" height=\"473\" srcset=\"https:\/\/www.ffw-lauenstein.de\/wp-content\/uploads\/2020\/12\/IMG_20201213_155241701-1200x675.jpg 1200w, https:\/\/www.ffw-lauenstein.de\/wp-content\/uploads\/2020\/12\/IMG_20201213_155241701-850x478.jpg 850w, https:\/\/www.ffw-lauenstein.de\/wp-content\/uploads\/2020\/12\/IMG_20201213_155241701-250x141.jpg 250w\" sizes=\"auto, (max-width: 709px) 85vw, (max-width: 909px) 67vw, (max-width: 1362px) 62vw, 840px\" \/><\/a> <a href=\"https:\/\/www.ffw-lauenstein.de\/?attachment_id=4135\" rel=\"attachment wp-att-4135\"><img loading=\"lazy\" decoding=\"async\" class=\"alignnone size-large wp-image-4135\" src=\"https:\/\/www.ffw-lauenstein.de\/wp-content\/uploads\/2020\/12\/IMG_20201213_155259092-1200x675.jpg\" alt=\"\" width=\"840\" height=\"473\" srcset=\"https:\/\/www.ffw-lauenstein.de\/wp-content\/uploads\/2020\/12\/IMG_20201213_155259092-1200x675.jpg 1200w, https:\/\/www.ffw-lauenstein.de\/wp-content\/uploads\/2020\/12\/IMG_20201213_155259092-850x478.jpg 850w, https:\/\/www.ffw-lauenstein.de\/wp-content\/uploads\/2020\/12\/IMG_20201213_155259092-250x141.jpg 250w\" sizes=\"auto, (max-width: 709px) 85vw, (max-width: 909px) 67vw, (max-width: 1362px) 62vw, 840px\" \/><\/a><\/p>\n","protected":false},"excerpt":{"rendered":"<p>Nach dem die Freiwilligen Feuerwehrleute am 3. Advent, Sonntag den 13.12.2020, nach Ihrem vorherigen Einsatz Ihr Fahrzeug wieder einsatzbereit machten, piepten die Meldeempf\u00e4nger der Feuerwehrleute erneut. Dieses mal mussten die &hellip; <a href=\"https:\/\/www.ffw-lauenstein.de\/?p=4133\" class=\"more-link\"><span class=\"screen-reader-text\">\u201eTragehilfe in der Ithstra\u00dfe\u201c <\/span>weiterlesen<\/a><\/p>\n","protected":false},"author":4,"featured_media":0,"comment_status":"closed","ping_status":"open","sticky":false,"template":"","format":"standard","meta":{"ngg_post_thumbnail":0,"footnotes":""},"categories":[1],"tags":[],"class_list":["post-4133","post","type-post","status-publish","format-standard","hentry","category-veranstaltungen"],"_links":{"self":[{"href":"https:\/\/www.ffw-lauenstein.de\/index.php?rest_route=\/wp\/v2\/posts\/4133","targetHints":{"allow":["GET"]}}],"collection":[{"href":"https:\/\/www.ffw-lauenstein.de\/index.php?rest_route=\/wp\/v2\/posts"}],"about":[{"href":"https:\/\/www.ffw-lauenstein.de\/index.php?rest_route=\/wp\/v2\/types\/post"}],"author":[{"embeddable":true,"href":"https:\/\/www.ffw-lauenstein.de\/index.php?rest_route=\/wp\/v2\/users\/4"}],"replies":[{"embeddable":true,"href":"https:\/\/www.ffw-lauenstein.de\/index.php?rest_route=%2Fwp%2Fv2%2Fcomments&post=4133"}],"version-history":[{"count":2,"href":"https:\/\/www.ffw-lauenstein.de\/index.php?rest_route=\/wp\/v2\/posts\/4133\/revisions"}],"predecessor-version":[{"id":4139,"href":"https:\/\/www.ffw-lauenstein.de\/index.php?rest_route=\/wp\/v2\/posts\/4133\/revisions\/4139"}],"wp:attachment":[{"href":"https:\/\/www.ffw-lauenstein.de\/index.php?rest_route=%2Fwp%2Fv2%2Fmedia&parent=4133"}],"wp:term":[{"taxonomy":"category","embeddable":true,"href":"https:\/\/www.ffw-lauenstein.de\/index.php?rest_route=%2Fwp%2Fv2%2Fcategories&post=4133"},{"taxonomy":"post_tag","embeddable":true,"href":"https:\/\/www.ffw-lauenstein.de\/index.php?rest_route=%2Fwp%2Fv2%2Ftags&post=4133"}],"curies":[{"name":"wp","href":"https:\/\/api.w.org\/{rel}","templated":true}]}}