{"id":4190,"date":"2021-04-06T18:45:18","date_gmt":"2021-04-06T16:45:18","guid":{"rendered":"https:\/\/www.ffw-lauenstein.de\/?p=4190"},"modified":"2021-04-06T18:45:18","modified_gmt":"2021-04-06T16:45:18","slug":"tueroeffnung-in-salzhemmendorf","status":"publish","type":"post","link":"https:\/\/www.ffw-lauenstein.de\/?p=4190","title":{"rendered":"T\u00fcr\u00f6ffnung in Salzhemmendorf"},"content":{"rendered":"<p>Aufgrund eines Werkstattaufenthaltes des Salzhemmendorfer L\u00f6schgruppenfahrzeug 20 sind zus\u00e4tzlich die Ortsfeuerwehren Lauenstein und Hemmendorf f\u00fcr die Dauer der Reparatur in die Alarm- und Ausr\u00fcckeordnung der Salzhemmendorfer einbezogen. Deswegen wurden die Lauensteiner am 06.04.2021 um 13:29 Uhr zu einer T\u00fcr\u00f6ffnung nach Salzhemmendorf alarmiert. Die Alarmfahrt wurde aber abgebrochen, weil ein Eingreifen der Lauensteiner Kameraden nicht mehr n\u00f6tig war.<\/p>\n","protected":false},"excerpt":{"rendered":"<p>Aufgrund eines Werkstattaufenthaltes des Salzhemmendorfer L\u00f6schgruppenfahrzeug 20 sind zus\u00e4tzlich die Ortsfeuerwehren Lauenstein und Hemmendorf f\u00fcr die Dauer der Reparatur in die Alarm- und Ausr\u00fcckeordnung der Salzhemmendorfer einbezogen. Deswegen wurden die &hellip; <a href=\"https:\/\/www.ffw-lauenstein.de\/?p=4190\" class=\"more-link\"><span class=\"screen-reader-text\">\u201eT\u00fcr\u00f6ffnung in Salzhemmendorf\u201c <\/span>weiterlesen<\/a><\/p>\n","protected":false},"author":4,"featured_media":0,"comment_status":"closed","ping_status":"open","sticky":false,"template":"","format":"standard","meta":{"ngg_post_thumbnail":0,"footnotes":""},"categories":[1],"tags":[],"class_list":["post-4190","post","type-post","status-publish","format-standard","hentry","category-veranstaltungen"],"_links":{"self":[{"href":"https:\/\/www.ffw-lauenstein.de\/index.php?rest_route=\/wp\/v2\/posts\/4190","targetHints":{"allow":["GET"]}}],"collection":[{"href":"https:\/\/www.ffw-lauenstein.de\/index.php?rest_route=\/wp\/v2\/posts"}],"about":[{"href":"https:\/\/www.ffw-lauenstein.de\/index.php?rest_route=\/wp\/v2\/types\/post"}],"author":[{"embeddable":true,"href":"https:\/\/www.ffw-lauenstein.de\/index.php?rest_route=\/wp\/v2\/users\/4"}],"replies":[{"embeddable":true,"href":"https:\/\/www.ffw-lauenstein.de\/index.php?rest_route=%2Fwp%2Fv2%2Fcomments&post=4190"}],"version-history":[{"count":1,"href":"https:\/\/www.ffw-lauenstein.de\/index.php?rest_route=\/wp\/v2\/posts\/4190\/revisions"}],"predecessor-version":[{"id":4191,"href":"https:\/\/www.ffw-lauenstein.de\/index.php?rest_route=\/wp\/v2\/posts\/4190\/revisions\/4191"}],"wp:attachment":[{"href":"https:\/\/www.ffw-lauenstein.de\/index.php?rest_route=%2Fwp%2Fv2%2Fmedia&parent=4190"}],"wp:term":[{"taxonomy":"category","embeddable":true,"href":"https:\/\/www.ffw-lauenstein.de\/index.php?rest_route=%2Fwp%2Fv2%2Fcategories&post=4190"},{"taxonomy":"post_tag","embeddable":true,"href":"https:\/\/www.ffw-lauenstein.de\/index.php?rest_route=%2Fwp%2Fv2%2Ftags&post=4190"}],"curies":[{"name":"wp","href":"https:\/\/api.w.org\/{rel}","templated":true}]}}