{"id":4198,"date":"2021-05-31T21:06:23","date_gmt":"2021-05-31T19:06:23","guid":{"rendered":"https:\/\/www.ffw-lauenstein.de\/?p=4198"},"modified":"2021-05-31T21:06:23","modified_gmt":"2021-05-31T19:06:23","slug":"person-im-aufzug-eingeschlossen","status":"publish","type":"post","link":"https:\/\/www.ffw-lauenstein.de\/?p=4198","title":{"rendered":"Person im Aufzug eingeschlossen"},"content":{"rendered":"<p>Die Ortsfeuerwehr Lauenstein wurde am Montag den 31.05.2021 um 18:12 Uhr zu einem Einsatz in die Salzhemmendorfer Stra\u00dfe alarmiert. Ein \u00e4lterer Herr ist in einem Fahrstuhl eingeschlossen. Nach einer Erkundung konnte man zumindest schon verbal Kontakt mit der eingeschlossenen Person aufnehmen. Parallel wurde nach einer M\u00f6glichkeit gesucht, den Fahrstuhl mit einem Schl\u00fcssel zu \u00f6ffnen. Da dieser nicht auffindbar war und die Person langsam \u00fcber Unwohlsein klagte, entschied die Feuerwehr die Fahrstuhlt\u00fcr gewaltsam zu \u00f6ffnen. Mit Hilfe eines Halligantool wurde die T\u00fcr schnell ge\u00f6ffnet. Nach dem die Person durch den Rettungsdienst kontrolliert wurde, konnte der \u00e4ltere Herr ohne gesundheitliche Probleme den Heimweg antreten. Die Feuerwehr hat den Fahrstuhl vor weitere Benutzung gesichert und die Einsatzstelle dem Betreiber \u00fcbergeben.<\/p>\n","protected":false},"excerpt":{"rendered":"<p>Die Ortsfeuerwehr Lauenstein wurde am Montag den 31.05.2021 um 18:12 Uhr zu einem Einsatz in die Salzhemmendorfer Stra\u00dfe alarmiert. Ein \u00e4lterer Herr ist in einem Fahrstuhl eingeschlossen. Nach einer Erkundung &hellip; <a href=\"https:\/\/www.ffw-lauenstein.de\/?p=4198\" class=\"more-link\"><span class=\"screen-reader-text\">\u201ePerson im Aufzug eingeschlossen\u201c <\/span>weiterlesen<\/a><\/p>\n","protected":false},"author":4,"featured_media":0,"comment_status":"closed","ping_status":"open","sticky":false,"template":"","format":"standard","meta":{"ngg_post_thumbnail":0,"footnotes":""},"categories":[1],"tags":[],"class_list":["post-4198","post","type-post","status-publish","format-standard","hentry","category-veranstaltungen"],"_links":{"self":[{"href":"https:\/\/www.ffw-lauenstein.de\/index.php?rest_route=\/wp\/v2\/posts\/4198","targetHints":{"allow":["GET"]}}],"collection":[{"href":"https:\/\/www.ffw-lauenstein.de\/index.php?rest_route=\/wp\/v2\/posts"}],"about":[{"href":"https:\/\/www.ffw-lauenstein.de\/index.php?rest_route=\/wp\/v2\/types\/post"}],"author":[{"embeddable":true,"href":"https:\/\/www.ffw-lauenstein.de\/index.php?rest_route=\/wp\/v2\/users\/4"}],"replies":[{"embeddable":true,"href":"https:\/\/www.ffw-lauenstein.de\/index.php?rest_route=%2Fwp%2Fv2%2Fcomments&post=4198"}],"version-history":[{"count":1,"href":"https:\/\/www.ffw-lauenstein.de\/index.php?rest_route=\/wp\/v2\/posts\/4198\/revisions"}],"predecessor-version":[{"id":4199,"href":"https:\/\/www.ffw-lauenstein.de\/index.php?rest_route=\/wp\/v2\/posts\/4198\/revisions\/4199"}],"wp:attachment":[{"href":"https:\/\/www.ffw-lauenstein.de\/index.php?rest_route=%2Fwp%2Fv2%2Fmedia&parent=4198"}],"wp:term":[{"taxonomy":"category","embeddable":true,"href":"https:\/\/www.ffw-lauenstein.de\/index.php?rest_route=%2Fwp%2Fv2%2Fcategories&post=4198"},{"taxonomy":"post_tag","embeddable":true,"href":"https:\/\/www.ffw-lauenstein.de\/index.php?rest_route=%2Fwp%2Fv2%2Ftags&post=4198"}],"curies":[{"name":"wp","href":"https:\/\/api.w.org\/{rel}","templated":true}]}}