{"id":4231,"date":"2021-06-13T20:14:46","date_gmt":"2021-06-13T18:14:46","guid":{"rendered":"https:\/\/www.ffw-lauenstein.de\/?p=4231"},"modified":"2021-06-13T20:16:30","modified_gmt":"2021-06-13T18:16:30","slug":"strassenreinigung-nach-starkregenfall-in-hemmendorf","status":"publish","type":"post","link":"https:\/\/www.ffw-lauenstein.de\/?p=4231","title":{"rendered":"Stra\u00dfenreinigung nach Starkregenfall in Hemmendorf"},"content":{"rendered":"<p>Nach einem kr\u00e4ftigen Gewitterschauer der sich Abend des 04.06.2021 \u00fcber Hemmendorf ergoss und Unmengen an Schlamm von den Feldern auf die Stra\u00dfen sp\u00fclte, waren der komplette St\u00fctzpunkt Salzhemmendorf stundenlang im Einsatz, um die Stra\u00dfen von den Schlammmassen zu befreien. Gegen 21:10 Uhr wurde die Ortsfeuerwehr Hemmendorf alarmiert, kurz darauf piepten auch die Meldeempf\u00e4nger der Kameraden aus Salzhemmendorf und Lauenstein. Mit Schaufeln, Besen, Strahlrohren und einem Radlader reinigten die Feuerwehrleute die Stra\u00dfen. Da neben den Stra\u00dfen \u201eMarktplatz, Beekstra\u00dfe\u201cund \u201eVor dem Tore\u201c, auch die Bundesstra\u00dfe (Alte Heerstra\u00dfe) betroffen war, musste diese von der Polizei f\u00fcr einige Zeit voll gesperrt und der Verkehr umgeleitet werden. Auch aus Richtung Salzhemmendorf und Lauenstein gab es keine, M\u00f6glichkeit durch Hemmendorf zu kommen, hier sperrten Feuerwehrleute die Stra\u00dfe komplett ab. Gegen 01:30 Uhr konnte schlie\u00dflich der Einsatz beendet werden.<\/p>\n<p>Bericht Gemeindefeuerwehr Salzhemmendorf<a href=\"https:\/\/www.ffw-lauenstein.de\/?attachment_id=4232\" rel=\"attachment wp-att-4232\"><br \/>\n<img loading=\"lazy\" decoding=\"async\" class=\"alignnone size-large wp-image-4232\" src=\"https:\/\/www.ffw-lauenstein.de\/wp-content\/uploads\/2021\/06\/20210604_231005-1200x675.jpg\" alt=\"\" width=\"840\" height=\"473\" srcset=\"https:\/\/www.ffw-lauenstein.de\/wp-content\/uploads\/2021\/06\/20210604_231005-1200x675.jpg 1200w, https:\/\/www.ffw-lauenstein.de\/wp-content\/uploads\/2021\/06\/20210604_231005-850x478.jpg 850w, https:\/\/www.ffw-lauenstein.de\/wp-content\/uploads\/2021\/06\/20210604_231005-250x141.jpg 250w\" sizes=\"auto, (max-width: 709px) 85vw, (max-width: 909px) 67vw, (max-width: 1362px) 62vw, 840px\" \/><\/a> <a href=\"https:\/\/www.ffw-lauenstein.de\/?attachment_id=4233\" rel=\"attachment wp-att-4233\"><img loading=\"lazy\" decoding=\"async\" class=\"alignnone size-large wp-image-4233\" src=\"https:\/\/www.ffw-lauenstein.de\/wp-content\/uploads\/2021\/06\/20210604_231510-1200x675.jpg\" alt=\"\" width=\"840\" height=\"473\" srcset=\"https:\/\/www.ffw-lauenstein.de\/wp-content\/uploads\/2021\/06\/20210604_231510-1200x675.jpg 1200w, https:\/\/www.ffw-lauenstein.de\/wp-content\/uploads\/2021\/06\/20210604_231510-850x478.jpg 850w, https:\/\/www.ffw-lauenstein.de\/wp-content\/uploads\/2021\/06\/20210604_231510-250x141.jpg 250w\" sizes=\"auto, (max-width: 709px) 85vw, (max-width: 909px) 67vw, (max-width: 1362px) 62vw, 840px\" \/><\/a><\/p>\n","protected":false},"excerpt":{"rendered":"<p>Nach einem kr\u00e4ftigen Gewitterschauer der sich Abend des 04.06.2021 \u00fcber Hemmendorf ergoss und Unmengen an Schlamm von den Feldern auf die Stra\u00dfen sp\u00fclte, waren der komplette St\u00fctzpunkt Salzhemmendorf stundenlang im &hellip; <a href=\"https:\/\/www.ffw-lauenstein.de\/?p=4231\" class=\"more-link\"><span class=\"screen-reader-text\">\u201eStra\u00dfenreinigung nach Starkregenfall in Hemmendorf\u201c <\/span>weiterlesen<\/a><\/p>\n","protected":false},"author":4,"featured_media":0,"comment_status":"closed","ping_status":"open","sticky":false,"template":"","format":"standard","meta":{"ngg_post_thumbnail":0,"footnotes":""},"categories":[1],"tags":[],"class_list":["post-4231","post","type-post","status-publish","format-standard","hentry","category-veranstaltungen"],"_links":{"self":[{"href":"https:\/\/www.ffw-lauenstein.de\/index.php?rest_route=\/wp\/v2\/posts\/4231","targetHints":{"allow":["GET"]}}],"collection":[{"href":"https:\/\/www.ffw-lauenstein.de\/index.php?rest_route=\/wp\/v2\/posts"}],"about":[{"href":"https:\/\/www.ffw-lauenstein.de\/index.php?rest_route=\/wp\/v2\/types\/post"}],"author":[{"embeddable":true,"href":"https:\/\/www.ffw-lauenstein.de\/index.php?rest_route=\/wp\/v2\/users\/4"}],"replies":[{"embeddable":true,"href":"https:\/\/www.ffw-lauenstein.de\/index.php?rest_route=%2Fwp%2Fv2%2Fcomments&post=4231"}],"version-history":[{"count":1,"href":"https:\/\/www.ffw-lauenstein.de\/index.php?rest_route=\/wp\/v2\/posts\/4231\/revisions"}],"predecessor-version":[{"id":4234,"href":"https:\/\/www.ffw-lauenstein.de\/index.php?rest_route=\/wp\/v2\/posts\/4231\/revisions\/4234"}],"wp:attachment":[{"href":"https:\/\/www.ffw-lauenstein.de\/index.php?rest_route=%2Fwp%2Fv2%2Fmedia&parent=4231"}],"wp:term":[{"taxonomy":"category","embeddable":true,"href":"https:\/\/www.ffw-lauenstein.de\/index.php?rest_route=%2Fwp%2Fv2%2Fcategories&post=4231"},{"taxonomy":"post_tag","embeddable":true,"href":"https:\/\/www.ffw-lauenstein.de\/index.php?rest_route=%2Fwp%2Fv2%2Ftags&post=4231"}],"curies":[{"name":"wp","href":"https:\/\/api.w.org\/{rel}","templated":true}]}}