{"id":4242,"date":"2021-07-03T06:29:08","date_gmt":"2021-07-03T04:29:08","guid":{"rendered":"https:\/\/www.ffw-lauenstein.de\/?p=4242"},"modified":"2021-07-03T06:29:55","modified_gmt":"2021-07-03T04:29:55","slug":"tueroeffnung-in-der-rudorffstrasse","status":"publish","type":"post","link":"https:\/\/www.ffw-lauenstein.de\/?p=4242","title":{"rendered":"T\u00fcr\u00f6ffnung in der Rudorffstra\u00dfe"},"content":{"rendered":"<p>Am Donnerstag den 01.07.2021 um 20:19 Uhr wurde die Feuerwehr Lauenstein zu einer T\u00fcr\u00f6ffnung in die Rudorffstra\u00dfe alarmiert. Im ersten Obergeschoss eines Wohnhauses befand sich eine bewusstlose Person auf dem Balkon. Der Rettungsdienst kam als erstes an der Einsatzstelle an und konnte die bewusstlose Person sehen und handelte sofort. Noch vor Eintreffen der Feuerwehr hat sich der Rettungsdienst gewaltsam Zutritt zur Wohnung verschafft. Die Kameraden unterst\u00fctzten die Sanit\u00e4ter noch bei der Versorgung des Patienten und sperrten die Stra\u00dfe w\u00e4hrend des Einsatzes. Eine Tragehilfe war nicht erforderlich, da der Mann zwischenzeitlich wieder zu sich kam.<\/p>\n","protected":false},"excerpt":{"rendered":"<p>Am Donnerstag den 01.07.2021 um 20:19 Uhr wurde die Feuerwehr Lauenstein zu einer T\u00fcr\u00f6ffnung in die Rudorffstra\u00dfe alarmiert. Im ersten Obergeschoss eines Wohnhauses befand sich eine bewusstlose Person auf dem &hellip; <a href=\"https:\/\/www.ffw-lauenstein.de\/?p=4242\" class=\"more-link\"><span class=\"screen-reader-text\">\u201eT\u00fcr\u00f6ffnung in der Rudorffstra\u00dfe\u201c <\/span>weiterlesen<\/a><\/p>\n","protected":false},"author":4,"featured_media":0,"comment_status":"closed","ping_status":"open","sticky":false,"template":"","format":"standard","meta":{"ngg_post_thumbnail":0,"footnotes":""},"categories":[1],"tags":[],"class_list":["post-4242","post","type-post","status-publish","format-standard","hentry","category-veranstaltungen"],"_links":{"self":[{"href":"https:\/\/www.ffw-lauenstein.de\/index.php?rest_route=\/wp\/v2\/posts\/4242","targetHints":{"allow":["GET"]}}],"collection":[{"href":"https:\/\/www.ffw-lauenstein.de\/index.php?rest_route=\/wp\/v2\/posts"}],"about":[{"href":"https:\/\/www.ffw-lauenstein.de\/index.php?rest_route=\/wp\/v2\/types\/post"}],"author":[{"embeddable":true,"href":"https:\/\/www.ffw-lauenstein.de\/index.php?rest_route=\/wp\/v2\/users\/4"}],"replies":[{"embeddable":true,"href":"https:\/\/www.ffw-lauenstein.de\/index.php?rest_route=%2Fwp%2Fv2%2Fcomments&post=4242"}],"version-history":[{"count":1,"href":"https:\/\/www.ffw-lauenstein.de\/index.php?rest_route=\/wp\/v2\/posts\/4242\/revisions"}],"predecessor-version":[{"id":4243,"href":"https:\/\/www.ffw-lauenstein.de\/index.php?rest_route=\/wp\/v2\/posts\/4242\/revisions\/4243"}],"wp:attachment":[{"href":"https:\/\/www.ffw-lauenstein.de\/index.php?rest_route=%2Fwp%2Fv2%2Fmedia&parent=4242"}],"wp:term":[{"taxonomy":"category","embeddable":true,"href":"https:\/\/www.ffw-lauenstein.de\/index.php?rest_route=%2Fwp%2Fv2%2Fcategories&post=4242"},{"taxonomy":"post_tag","embeddable":true,"href":"https:\/\/www.ffw-lauenstein.de\/index.php?rest_route=%2Fwp%2Fv2%2Ftags&post=4242"}],"curies":[{"name":"wp","href":"https:\/\/api.w.org\/{rel}","templated":true}]}}