{"id":4269,"date":"2021-09-26T19:34:13","date_gmt":"2021-09-26T17:34:13","guid":{"rendered":"https:\/\/www.ffw-lauenstein.de\/?p=4269"},"modified":"2021-09-26T19:34:13","modified_gmt":"2021-09-26T17:34:13","slug":"ausgeloeste-brandmeldeanlage-beim-ehemaligen-okal-werksgelaende","status":"publish","type":"post","link":"https:\/\/www.ffw-lauenstein.de\/?p=4269","title":{"rendered":"Ausgel\u00f6ste Brandmeldeanlage beim ehemaligen OKAL Werksgel\u00e4nde"},"content":{"rendered":"<p>Am Sonntag den 26.09.2021 um 14:19 Uhr wurden die Feuerwehren Lauenstein und Salzhemmendorf zum OKAL Industriepark alarmiert. Die Brandmeldeanlage hat ausgel\u00f6st. Nach dem die Brandsch\u00fctzer die BMZ aufgesucht haben um den ausgel\u00f6sten Melder herauszufinden, wurde der Melder in einer Werkshalle kontrolliert. Bei dieser Erkundung konnte kein Grund f\u00fcr die Ausl\u00f6sung gefunden werden. Daraufhin konnten die Einsatzkr\u00e4fte wieder schnell abr\u00fccken und das sonnige Wetter genie\u00dfen.<\/p>\n","protected":false},"excerpt":{"rendered":"<p>Am Sonntag den 26.09.2021 um 14:19 Uhr wurden die Feuerwehren Lauenstein und Salzhemmendorf zum OKAL Industriepark alarmiert. Die Brandmeldeanlage hat ausgel\u00f6st. Nach dem die Brandsch\u00fctzer die BMZ aufgesucht haben um &hellip; <a href=\"https:\/\/www.ffw-lauenstein.de\/?p=4269\" class=\"more-link\"><span class=\"screen-reader-text\">\u201eAusgel\u00f6ste Brandmeldeanlage beim ehemaligen OKAL Werksgel\u00e4nde\u201c <\/span>weiterlesen<\/a><\/p>\n","protected":false},"author":4,"featured_media":0,"comment_status":"closed","ping_status":"open","sticky":false,"template":"","format":"standard","meta":{"ngg_post_thumbnail":0,"footnotes":""},"categories":[1],"tags":[],"class_list":["post-4269","post","type-post","status-publish","format-standard","hentry","category-veranstaltungen"],"_links":{"self":[{"href":"https:\/\/www.ffw-lauenstein.de\/index.php?rest_route=\/wp\/v2\/posts\/4269","targetHints":{"allow":["GET"]}}],"collection":[{"href":"https:\/\/www.ffw-lauenstein.de\/index.php?rest_route=\/wp\/v2\/posts"}],"about":[{"href":"https:\/\/www.ffw-lauenstein.de\/index.php?rest_route=\/wp\/v2\/types\/post"}],"author":[{"embeddable":true,"href":"https:\/\/www.ffw-lauenstein.de\/index.php?rest_route=\/wp\/v2\/users\/4"}],"replies":[{"embeddable":true,"href":"https:\/\/www.ffw-lauenstein.de\/index.php?rest_route=%2Fwp%2Fv2%2Fcomments&post=4269"}],"version-history":[{"count":1,"href":"https:\/\/www.ffw-lauenstein.de\/index.php?rest_route=\/wp\/v2\/posts\/4269\/revisions"}],"predecessor-version":[{"id":4270,"href":"https:\/\/www.ffw-lauenstein.de\/index.php?rest_route=\/wp\/v2\/posts\/4269\/revisions\/4270"}],"wp:attachment":[{"href":"https:\/\/www.ffw-lauenstein.de\/index.php?rest_route=%2Fwp%2Fv2%2Fmedia&parent=4269"}],"wp:term":[{"taxonomy":"category","embeddable":true,"href":"https:\/\/www.ffw-lauenstein.de\/index.php?rest_route=%2Fwp%2Fv2%2Fcategories&post=4269"},{"taxonomy":"post_tag","embeddable":true,"href":"https:\/\/www.ffw-lauenstein.de\/index.php?rest_route=%2Fwp%2Fv2%2Ftags&post=4269"}],"curies":[{"name":"wp","href":"https:\/\/api.w.org\/{rel}","templated":true}]}}