{"id":4272,"date":"2021-09-26T19:40:47","date_gmt":"2021-09-26T17:40:47","guid":{"rendered":"https:\/\/www.ffw-lauenstein.de\/?p=4272"},"modified":"2021-09-26T19:40:47","modified_gmt":"2021-09-26T17:40:47","slug":"abnahme-brandfloh-und-kreissternmarsch","status":"publish","type":"post","link":"https:\/\/www.ffw-lauenstein.de\/?p=4272","title":{"rendered":"Abnahme Brandfloh und Kreissternmarsch"},"content":{"rendered":"<div class=\"kvgmc6g5 cxmmr5t8 oygrvhab hcukyx3x c1et5uql ii04i59q\">\n<div dir=\"auto\">Am gestrigen Samstag, den 25.09.2021, stand f\u00fcr die Feuerwehr Lauenstein nicht nur das Altpapier Sammeln auf dem Dienstplan.<\/div>\n<div dir=\"auto\">Gestern wurde auch in der Gemeinde Aerzen der Brandfloh, die h\u00f6chste Auszeichnung in der Kinderfeuerwehr abgenommen. Die Kinderfeuerwehr Lauenstein war dort auch vertreten. Yunes Wasgien stellte dort sein erlerntes wissen unter beweis und hat mit Erfolg die Pr\u00fcfung f\u00fcr den Brandfloh dort abgelegen k\u00f6nnen.<\/div>\n<\/div>\n<div class=\"o9v6fnle cxmmr5t8 oygrvhab hcukyx3x c1et5uql ii04i59q\">\n<div dir=\"auto\">Die Jugendfeuerwehr Lauenstein, nahm zeitgleich am j\u00e4hrlichem Kreissternmarsch der <a class=\"oajrlxb2 g5ia77u1 qu0x051f esr5mh6w e9989ue4 r7d6kgcz rq0escxv nhd2j8a9 nc684nl6 p7hjln8o kvgmc6g5 cxmmr5t8 oygrvhab hcukyx3x jb3vyjys rz4wbd8a qt6c0cv9 a8nywdso i1ao9s8h esuyzwwr f1sip0of lzcic4wl q66pz984 gpro0wi8 b1v8xokw\" tabindex=\"0\" role=\"link\" href=\"https:\/\/www.facebook.com\/KreisjugendfeuerwehrHamelnPyrmont\/?__cft__[0]=AZXvuZNdahnUOlqU9uri3Xw9OZ3fmaDqUtcAHkUp8bq19jhcRb33digByX5uxpBumHqstYnz8-G1_M_025LRGt_LUB0NiY0Z7Jx6WGirb55NZDJHBgYpI1jj_33-c_os03vI0mnM4SEIrv4NHLYWLfJe&amp;__tn__=kK-R\"><span class=\"nc684nl6\">Kreis-Jugendfeuerwehr Hameln-Pyrmont<\/span><\/a> teil. Die Jugendlichen mussten auf einem Rundkurs von ca. 5 Kilometern, 4 Spiele und eine Langzeit Aufgabe meistern. In der Langzeit Aufgabe ging es darum, Grashalme zu einer langen Kette zusammen zu binden.<\/div>\n<div dir=\"auto\">Die Kette brachte es zum Schluss auf eine L\u00e4nge von 29,3 Meter.<\/div>\n<div dir=\"auto\">In der Gesamtwertung hat die Jugendfeuerwehr Lauenstein den 44 Platz von insgesamt 61 Pl\u00e4tzen belegt.<\/div>\n<\/div>\n<div class=\"o9v6fnle cxmmr5t8 oygrvhab hcukyx3x c1et5uql ii04i59q\">\n<div dir=\"auto\">Wir Gratulieren allen zu Ihrer bestanden Pr\u00fcfung und Platzierung.<\/div>\n<\/div>\n","protected":false},"excerpt":{"rendered":"<p>Am gestrigen Samstag, den 25.09.2021, stand f\u00fcr die Feuerwehr Lauenstein nicht nur das Altpapier Sammeln auf dem Dienstplan. Gestern wurde auch in der Gemeinde Aerzen der Brandfloh, die h\u00f6chste Auszeichnung &hellip; <a href=\"https:\/\/www.ffw-lauenstein.de\/?p=4272\" class=\"more-link\"><span class=\"screen-reader-text\">\u201eAbnahme Brandfloh und Kreissternmarsch\u201c <\/span>weiterlesen<\/a><\/p>\n","protected":false},"author":4,"featured_media":0,"comment_status":"closed","ping_status":"open","sticky":false,"template":"","format":"standard","meta":{"ngg_post_thumbnail":0,"footnotes":""},"categories":[17],"tags":[],"class_list":["post-4272","post","type-post","status-publish","format-standard","hentry","category-aktuelles"],"_links":{"self":[{"href":"https:\/\/www.ffw-lauenstein.de\/index.php?rest_route=\/wp\/v2\/posts\/4272","targetHints":{"allow":["GET"]}}],"collection":[{"href":"https:\/\/www.ffw-lauenstein.de\/index.php?rest_route=\/wp\/v2\/posts"}],"about":[{"href":"https:\/\/www.ffw-lauenstein.de\/index.php?rest_route=\/wp\/v2\/types\/post"}],"author":[{"embeddable":true,"href":"https:\/\/www.ffw-lauenstein.de\/index.php?rest_route=\/wp\/v2\/users\/4"}],"replies":[{"embeddable":true,"href":"https:\/\/www.ffw-lauenstein.de\/index.php?rest_route=%2Fwp%2Fv2%2Fcomments&post=4272"}],"version-history":[{"count":1,"href":"https:\/\/www.ffw-lauenstein.de\/index.php?rest_route=\/wp\/v2\/posts\/4272\/revisions"}],"predecessor-version":[{"id":4273,"href":"https:\/\/www.ffw-lauenstein.de\/index.php?rest_route=\/wp\/v2\/posts\/4272\/revisions\/4273"}],"wp:attachment":[{"href":"https:\/\/www.ffw-lauenstein.de\/index.php?rest_route=%2Fwp%2Fv2%2Fmedia&parent=4272"}],"wp:term":[{"taxonomy":"category","embeddable":true,"href":"https:\/\/www.ffw-lauenstein.de\/index.php?rest_route=%2Fwp%2Fv2%2Fcategories&post=4272"},{"taxonomy":"post_tag","embeddable":true,"href":"https:\/\/www.ffw-lauenstein.de\/index.php?rest_route=%2Fwp%2Fv2%2Ftags&post=4272"}],"curies":[{"name":"wp","href":"https:\/\/api.w.org\/{rel}","templated":true}]}}