{"id":4275,"date":"2021-10-06T11:23:25","date_gmt":"2021-10-06T09:23:25","guid":{"rendered":"https:\/\/www.ffw-lauenstein.de\/?p=4275"},"modified":"2021-10-06T11:23:25","modified_gmt":"2021-10-06T09:23:25","slug":"lauensteiner-loeschtiger-erfolgreich-bei-abnahme-der-kinderflamme","status":"publish","type":"post","link":"https:\/\/www.ffw-lauenstein.de\/?p=4275","title":{"rendered":"Lauensteiner L\u00f6schtiger erfolgreich bei Abnahme der Kinderflamme"},"content":{"rendered":"<p>Nachdem im vergangenen Jahr, aufgrund der Pandemie, die Abnahme der Kinderflamme ausfallen musste, konnte diese am 02.10.2021 im Gemeinschaftsfeuerwehrhaus Th\u00fcste nachgeholt werden. Gemeinsam mit den Kinderfeuerwehren der Gemeindefeuerwehr Coppenbr\u00fcgge stellte die Gemeinde Jugendfeuerwehrwartin Ina Roloff gemeinsam mit ihrer Amtskollegin Tamara Kasten aus Coppenbr\u00fcgge die Kinder auf die Probe. So mussten die kleinsten Brandsch\u00fctzer verschiedenste Aufgaben erf\u00fcllen wie beispielsweise ein rohes Ei auf einem L\u00f6ffel durch einen Hindernissparkur zu man\u00f6vrieren, einen Notruf mit den 4 W Fragen abzusetzen oder auch zu erkl\u00e4ren, wie man sich in einem Brandfall richtig verh\u00e4lt. Sehr souver\u00e4n meisterten die kleinen Brandsch\u00fctzer die ihnen aufgetragenen Herausforderungen. Wir gratulieren allen Kindern aus Wallensen, Oldendorf, Lauenstein, Bessingen und Coppenbr\u00fcgge zu dieser tollen Leistung und der bestandenen Pr\u00fcfung. Bericht Gemeindefeuerwehr Salzhemmendorf.<\/p>\n<p><a href=\"https:\/\/www.ffw-lauenstein.de\/?attachment_id=4276\" rel=\"attachment wp-att-4276\"><img loading=\"lazy\" decoding=\"async\" class=\"alignnone size-full wp-image-4276\" src=\"https:\/\/www.ffw-lauenstein.de\/wp-content\/uploads\/2021\/10\/csm_IMG-20211002-WA0001_f8a9cbcb29.jpg\" alt=\"\" width=\"800\" height=\"600\" srcset=\"https:\/\/www.ffw-lauenstein.de\/wp-content\/uploads\/2021\/10\/csm_IMG-20211002-WA0001_f8a9cbcb29.jpg 800w, https:\/\/www.ffw-lauenstein.de\/wp-content\/uploads\/2021\/10\/csm_IMG-20211002-WA0001_f8a9cbcb29-768x576.jpg 768w\" sizes=\"auto, (max-width: 709px) 85vw, (max-width: 909px) 67vw, (max-width: 984px) 61vw, (max-width: 1362px) 45vw, 600px\" \/><\/a><\/p>\n","protected":false},"excerpt":{"rendered":"<p>Nachdem im vergangenen Jahr, aufgrund der Pandemie, die Abnahme der Kinderflamme ausfallen musste, konnte diese am 02.10.2021 im Gemeinschaftsfeuerwehrhaus Th\u00fcste nachgeholt werden. Gemeinsam mit den Kinderfeuerwehren der Gemeindefeuerwehr Coppenbr\u00fcgge stellte &hellip; <a href=\"https:\/\/www.ffw-lauenstein.de\/?p=4275\" class=\"more-link\"><span class=\"screen-reader-text\">\u201eLauensteiner L\u00f6schtiger erfolgreich bei Abnahme der Kinderflamme\u201c <\/span>weiterlesen<\/a><\/p>\n","protected":false},"author":4,"featured_media":0,"comment_status":"closed","ping_status":"open","sticky":false,"template":"","format":"standard","meta":{"ngg_post_thumbnail":0,"footnotes":""},"categories":[17],"tags":[],"class_list":["post-4275","post","type-post","status-publish","format-standard","hentry","category-aktuelles"],"_links":{"self":[{"href":"https:\/\/www.ffw-lauenstein.de\/index.php?rest_route=\/wp\/v2\/posts\/4275","targetHints":{"allow":["GET"]}}],"collection":[{"href":"https:\/\/www.ffw-lauenstein.de\/index.php?rest_route=\/wp\/v2\/posts"}],"about":[{"href":"https:\/\/www.ffw-lauenstein.de\/index.php?rest_route=\/wp\/v2\/types\/post"}],"author":[{"embeddable":true,"href":"https:\/\/www.ffw-lauenstein.de\/index.php?rest_route=\/wp\/v2\/users\/4"}],"replies":[{"embeddable":true,"href":"https:\/\/www.ffw-lauenstein.de\/index.php?rest_route=%2Fwp%2Fv2%2Fcomments&post=4275"}],"version-history":[{"count":1,"href":"https:\/\/www.ffw-lauenstein.de\/index.php?rest_route=\/wp\/v2\/posts\/4275\/revisions"}],"predecessor-version":[{"id":4277,"href":"https:\/\/www.ffw-lauenstein.de\/index.php?rest_route=\/wp\/v2\/posts\/4275\/revisions\/4277"}],"wp:attachment":[{"href":"https:\/\/www.ffw-lauenstein.de\/index.php?rest_route=%2Fwp%2Fv2%2Fmedia&parent=4275"}],"wp:term":[{"taxonomy":"category","embeddable":true,"href":"https:\/\/www.ffw-lauenstein.de\/index.php?rest_route=%2Fwp%2Fv2%2Fcategories&post=4275"},{"taxonomy":"post_tag","embeddable":true,"href":"https:\/\/www.ffw-lauenstein.de\/index.php?rest_route=%2Fwp%2Fv2%2Ftags&post=4275"}],"curies":[{"name":"wp","href":"https:\/\/api.w.org\/{rel}","templated":true}]}}