{"id":4279,"date":"2021-10-23T19:27:26","date_gmt":"2021-10-23T17:27:26","guid":{"rendered":"https:\/\/www.ffw-lauenstein.de\/?p=4279"},"modified":"2021-10-23T19:27:38","modified_gmt":"2021-10-23T17:27:38","slug":"tueroeffnung-im-maderpfad","status":"publish","type":"post","link":"https:\/\/www.ffw-lauenstein.de\/?p=4279","title":{"rendered":"T\u00fcr\u00f6ffnung im Marderpfad"},"content":{"rendered":"<p>Die Ortsfeuerwehr Lauenstein wurde am 21.10.2021 um 09:18 Uhr gemeinsam mit dem Rettungsdienst vom DRK aus Bad M\u00fcnder und dem Notfalldienst zu einer T\u00fcr\u00f6ffnung in den Marderpfad alarmiert worden. Eine \u00e4ltere Dame hat Ihren Notfallknopf aktiviert. Da man von einem chirurgischen Notfall aus ging, fuhren die Einsatzkr\u00e4fte mit Sonderrechten schnellst M\u00f6glich zum Einsatzort. Zeitgleich mit dem DRK Notfalldienst traf man an der Einsatzstelle an. Weil der Notfalldienst einen Schl\u00fcssel besa\u00df brauchte die Feuerwehr nicht weiter t\u00e4tig werden. Die Person wurde anschlie\u00dfend dem Rettungsdienst \u00fcbergeben.<\/p>\n","protected":false},"excerpt":{"rendered":"<p>Die Ortsfeuerwehr Lauenstein wurde am 21.10.2021 um 09:18 Uhr gemeinsam mit dem Rettungsdienst vom DRK aus Bad M\u00fcnder und dem Notfalldienst zu einer T\u00fcr\u00f6ffnung in den Marderpfad alarmiert worden. Eine &hellip; <a href=\"https:\/\/www.ffw-lauenstein.de\/?p=4279\" class=\"more-link\"><span class=\"screen-reader-text\">\u201eT\u00fcr\u00f6ffnung im Marderpfad\u201c <\/span>weiterlesen<\/a><\/p>\n","protected":false},"author":4,"featured_media":0,"comment_status":"closed","ping_status":"open","sticky":false,"template":"","format":"standard","meta":{"ngg_post_thumbnail":0,"footnotes":""},"categories":[1],"tags":[],"class_list":["post-4279","post","type-post","status-publish","format-standard","hentry","category-veranstaltungen"],"_links":{"self":[{"href":"https:\/\/www.ffw-lauenstein.de\/index.php?rest_route=\/wp\/v2\/posts\/4279","targetHints":{"allow":["GET"]}}],"collection":[{"href":"https:\/\/www.ffw-lauenstein.de\/index.php?rest_route=\/wp\/v2\/posts"}],"about":[{"href":"https:\/\/www.ffw-lauenstein.de\/index.php?rest_route=\/wp\/v2\/types\/post"}],"author":[{"embeddable":true,"href":"https:\/\/www.ffw-lauenstein.de\/index.php?rest_route=\/wp\/v2\/users\/4"}],"replies":[{"embeddable":true,"href":"https:\/\/www.ffw-lauenstein.de\/index.php?rest_route=%2Fwp%2Fv2%2Fcomments&post=4279"}],"version-history":[{"count":2,"href":"https:\/\/www.ffw-lauenstein.de\/index.php?rest_route=\/wp\/v2\/posts\/4279\/revisions"}],"predecessor-version":[{"id":4281,"href":"https:\/\/www.ffw-lauenstein.de\/index.php?rest_route=\/wp\/v2\/posts\/4279\/revisions\/4281"}],"wp:attachment":[{"href":"https:\/\/www.ffw-lauenstein.de\/index.php?rest_route=%2Fwp%2Fv2%2Fmedia&parent=4279"}],"wp:term":[{"taxonomy":"category","embeddable":true,"href":"https:\/\/www.ffw-lauenstein.de\/index.php?rest_route=%2Fwp%2Fv2%2Fcategories&post=4279"},{"taxonomy":"post_tag","embeddable":true,"href":"https:\/\/www.ffw-lauenstein.de\/index.php?rest_route=%2Fwp%2Fv2%2Ftags&post=4279"}],"curies":[{"name":"wp","href":"https:\/\/api.w.org\/{rel}","templated":true}]}}