{"id":4284,"date":"2021-11-15T22:05:15","date_gmt":"2021-11-15T20:05:15","guid":{"rendered":"https:\/\/www.ffw-lauenstein.de\/?p=4284"},"modified":"2021-11-15T22:05:52","modified_gmt":"2021-11-15T20:05:52","slug":"4284","status":"publish","type":"post","link":"https:\/\/www.ffw-lauenstein.de\/?p=4284","title":{"rendered":"Garagenbrand an der Ith-Sole-Therme in Salzhemmendorf"},"content":{"rendered":"<p>Am Mittwoch den 10.11.2021 gegen 10:36 Uhr wurden die Feuerwehren Salzhemmendorf und Lauenstein sowie die Polizei und ein Rettungswagen aus Gronau zu einem Garagenbrand zur Ith-Sole-Therme alarmiert. Aus den L\u00fcftungsschlitzen einer Doppelgarage drang dichter Rauch. Der vor Ort befindliche Hausmeister informierte Einsatzleiter Thomas H\u00f6lscher dar\u00fcber das sich in der Garage noch Gasflaschen, Benzinkanister sowie Batterien und zwei Gartentraktoren befinden. H\u00f6lscher lie\u00df umgehend zwei Trupps mit Atemschutz ausr\u00fcsten, die aus der Deckung heraus das Garagentor \u00f6ffneten. Schnell konnte der Brandherd lokalisiert werden. Mit einem Schnellangriffsschlauch konnte der Trupp das Feuer z\u00fcgig l\u00f6schen. Anschlie\u00dfend wurden die verbrannten Materialien, die dem Feuer zum Opfer gefallen waren, aus der Garage ger\u00e4umt. F\u00fcr die G\u00e4ste der Therme bestand zu keiner Zeit Gefahr, da sich die Garagen nicht in der unmittelbaren N\u00e4he zum Hauptgeb\u00e4ude befinden.<\/p>\n<p>Bericht: Gemeindefeuerwehr Salzhemmendorf<\/p>\n","protected":false},"excerpt":{"rendered":"<p>Am Mittwoch den 10.11.2021 gegen 10:36 Uhr wurden die Feuerwehren Salzhemmendorf und Lauenstein sowie die Polizei und ein Rettungswagen aus Gronau zu einem Garagenbrand zur Ith-Sole-Therme alarmiert. Aus den L\u00fcftungsschlitzen &hellip; <a href=\"https:\/\/www.ffw-lauenstein.de\/?p=4284\" class=\"more-link\"><span class=\"screen-reader-text\">\u201eGaragenbrand an der Ith-Sole-Therme in Salzhemmendorf\u201c <\/span>weiterlesen<\/a><\/p>\n","protected":false},"author":4,"featured_media":0,"comment_status":"closed","ping_status":"open","sticky":false,"template":"","format":"standard","meta":{"ngg_post_thumbnail":0,"footnotes":""},"categories":[1],"tags":[],"class_list":["post-4284","post","type-post","status-publish","format-standard","hentry","category-veranstaltungen"],"_links":{"self":[{"href":"https:\/\/www.ffw-lauenstein.de\/index.php?rest_route=\/wp\/v2\/posts\/4284","targetHints":{"allow":["GET"]}}],"collection":[{"href":"https:\/\/www.ffw-lauenstein.de\/index.php?rest_route=\/wp\/v2\/posts"}],"about":[{"href":"https:\/\/www.ffw-lauenstein.de\/index.php?rest_route=\/wp\/v2\/types\/post"}],"author":[{"embeddable":true,"href":"https:\/\/www.ffw-lauenstein.de\/index.php?rest_route=\/wp\/v2\/users\/4"}],"replies":[{"embeddable":true,"href":"https:\/\/www.ffw-lauenstein.de\/index.php?rest_route=%2Fwp%2Fv2%2Fcomments&post=4284"}],"version-history":[{"count":3,"href":"https:\/\/www.ffw-lauenstein.de\/index.php?rest_route=\/wp\/v2\/posts\/4284\/revisions"}],"predecessor-version":[{"id":4287,"href":"https:\/\/www.ffw-lauenstein.de\/index.php?rest_route=\/wp\/v2\/posts\/4284\/revisions\/4287"}],"wp:attachment":[{"href":"https:\/\/www.ffw-lauenstein.de\/index.php?rest_route=%2Fwp%2Fv2%2Fmedia&parent=4284"}],"wp:term":[{"taxonomy":"category","embeddable":true,"href":"https:\/\/www.ffw-lauenstein.de\/index.php?rest_route=%2Fwp%2Fv2%2Fcategories&post=4284"},{"taxonomy":"post_tag","embeddable":true,"href":"https:\/\/www.ffw-lauenstein.de\/index.php?rest_route=%2Fwp%2Fv2%2Ftags&post=4284"}],"curies":[{"name":"wp","href":"https:\/\/api.w.org\/{rel}","templated":true}]}}