{"id":433,"date":"2012-11-19T18:45:18","date_gmt":"2012-11-19T16:45:18","guid":{"rendered":"http:\/\/www.ffw-lauenstein.de\/?p=433"},"modified":"2013-01-05T15:46:49","modified_gmt":"2013-01-05T13:46:49","slug":"brand-im-jugendtreff","status":"publish","type":"post","link":"https:\/\/www.ffw-lauenstein.de\/?p=433","title":{"rendered":"Brand im Jugendtreff"},"content":{"rendered":"<p><a href=\"https:\/\/www.dewezet.de\/portal\/lokales\/aktuell-vor-ort\/coppenbruegge-salzhemmendorf_Feuer-verwuestet-Gruppenraum-im-Lauensteiner-Jugendtreff-_arid,401933.html#\">Feuer verw\u00fcstet Gruppenraum im Lauensteiner Jugendtreff<\/a><\/p>\n<p><a href=\"https:\/\/ffw-lauenstein.de\/wp-content\/uploads\/2012\/11\/JTL.jpg\"><img loading=\"lazy\" decoding=\"async\" title=\"JTL\" alt=\"\" src=\"https:\/\/ffw-lauenstein.de\/wp-content\/uploads\/2012\/11\/JTL.jpg\" width=\"480\" height=\"360\" \/><\/a><\/p>\n<div><\/div>\n<p>Gerade noch rechtzeitig wurde am sp\u00e4ten Dienstagabend ein Brand im Jugendtreff Lauenstein entdeckt und von der Feuerwehr gel\u00f6scht.<\/p>\n<p>Der Treff f\u00fcr Jugendliche, der seine R\u00e4ume im Naturerlebnisbad hat, wurde durch das Feuer schwer verw\u00fcstet. Der komplette Gruppenraum der Einrichtung ist derzeit nicht mehr zu benutzen. Als Brandursache kommt eine m\u00f6gliche fahrl\u00e4ssige Brandstiftung in Frage. Der durch den Brand entstandene Sachschaden wird auf einige tausend Euro gesch\u00e4tzt.<\/p>\n<p>Um kurz vor 23 Uhr entdeckte ein 44-J\u00e4hriger, der mit seinem Pkw durch Lauenstein gefahren war, dass es in einem Raum des Naturerlebnisbads brannte. Der Bodenwerderaner informierte daraufhin sofort die Feuerwehr. Um 22.57 Uhr wurden die Feuerwehren Lauenstein und Salzhemmendorf alarmiert mit dem Hinweis: \u201eZimmerbrand am Freibad.\u201c Vor Ort stellten die zuerst eintreffenden Kr\u00e4fte der Ortswehr Lauenstein fest, dass es im Gruppenraum des Jugendtreffs brannte. Ein Angriffstrupp k\u00e4mpfte sich mit Atemschutz gesch\u00fctzt in den stark verqualmten Raum vor. Er stellte fest, dass bei einer Sitzgruppe ein Sessel in Flammen stand. Der Brand hatte schon auf ein Fenster dar\u00fcber und die Deckenverkleidung \u00fcbergegriffen. Schnell hatten die Brandsch\u00fctzer das Feuer gel\u00f6scht, bevor es sich noch weiter ausbreiten konnte.<\/p>\n<p>Obwohl die Feuerwehr so schnell vor Ort war, hatte der Brand den Gruppenraum des Jugendtreffs durch die Flammen, Hitze und Ru\u00df bereits stark besch\u00e4digt. Der Gruppenraum kann zun\u00e4chst nicht mehr genutzt werden. Doch laut Fachbereichsleiter Clemens Pommerening von der Gemeinde Salzhemmendorf wurde der Jugendtreff Lauenstein in letzter Zeit nicht so stark genutzt. Jetzt m\u00fcssten zun\u00e4chst die Sch\u00e4den aufgenommen und die Versicherungsfragen gekl\u00e4rt werden. \u201eUnd dann muss sicher dar\u00fcber beraten werden, wie es mit dem Treff weitergehen soll\u201c, erkl\u00e4rt Pommerening.<\/p>\n<p>Die letzten der 30 Feuerwehrkr\u00e4fte r\u00fccken gegen 0.45 Uhr wieder ein. Die extremen Minusgrade erschwerten den Feuerwehreinsatz zwar, sorgten aber f\u00fcr nicht allzu gro\u00dfe Probleme. Als Brandursache geht die Polizei derzeit von fahrl\u00e4ssiger Brandstiftung aus. \u201eAllerdings gab es in den R\u00e4umen zuvor weder ein Treffen noch eine Feier. M\u00f6glicherweise hielt sich jemand unbefugt in den R\u00e4umen auf. Einbruchsspuren gibt es aber keine\u201c, erkl\u00e4rt Polizeikommissar Dirk Barnert.<\/p>\n<p>Von einem brennenden Sessel hat das Feuer auf ein Fenster und die Deckenverkleidung \u00fcbergegriffen. Der Raum kann vorerst nicht benutzt werden.<\/p>\n<p>(Quelle: Dewezet, 8.2.2012)<\/p>\n","protected":false},"excerpt":{"rendered":"<p>Feuer verw\u00fcstet Gruppenraum im Lauensteiner Jugendtreff Gerade noch rechtzeitig wurde am sp\u00e4ten Dienstagabend ein Brand im Jugendtreff Lauenstein entdeckt und von der Feuerwehr gel\u00f6scht. Der Treff f\u00fcr Jugendliche, der seine &hellip; <a href=\"https:\/\/www.ffw-lauenstein.de\/?p=433\" class=\"more-link\"><span class=\"screen-reader-text\">\u201eBrand im Jugendtreff\u201c <\/span>weiterlesen<\/a><\/p>\n","protected":false},"author":4,"featured_media":0,"comment_status":"closed","ping_status":"open","sticky":false,"template":"","format":"standard","meta":{"ngg_post_thumbnail":0,"footnotes":""},"categories":[11],"tags":[],"class_list":["post-433","post","type-post","status-publish","format-standard","hentry","category-presseberichte-allgmein"],"_links":{"self":[{"href":"https:\/\/www.ffw-lauenstein.de\/index.php?rest_route=\/wp\/v2\/posts\/433","targetHints":{"allow":["GET"]}}],"collection":[{"href":"https:\/\/www.ffw-lauenstein.de\/index.php?rest_route=\/wp\/v2\/posts"}],"about":[{"href":"https:\/\/www.ffw-lauenstein.de\/index.php?rest_route=\/wp\/v2\/types\/post"}],"author":[{"embeddable":true,"href":"https:\/\/www.ffw-lauenstein.de\/index.php?rest_route=\/wp\/v2\/users\/4"}],"replies":[{"embeddable":true,"href":"https:\/\/www.ffw-lauenstein.de\/index.php?rest_route=%2Fwp%2Fv2%2Fcomments&post=433"}],"version-history":[{"count":4,"href":"https:\/\/www.ffw-lauenstein.de\/index.php?rest_route=\/wp\/v2\/posts\/433\/revisions"}],"predecessor-version":[{"id":435,"href":"https:\/\/www.ffw-lauenstein.de\/index.php?rest_route=\/wp\/v2\/posts\/433\/revisions\/435"}],"wp:attachment":[{"href":"https:\/\/www.ffw-lauenstein.de\/index.php?rest_route=%2Fwp%2Fv2%2Fmedia&parent=433"}],"wp:term":[{"taxonomy":"category","embeddable":true,"href":"https:\/\/www.ffw-lauenstein.de\/index.php?rest_route=%2Fwp%2Fv2%2Fcategories&post=433"},{"taxonomy":"post_tag","embeddable":true,"href":"https:\/\/www.ffw-lauenstein.de\/index.php?rest_route=%2Fwp%2Fv2%2Ftags&post=433"}],"curies":[{"name":"wp","href":"https:\/\/api.w.org\/{rel}","templated":true}]}}