{"id":4339,"date":"2022-02-17T17:35:09","date_gmt":"2022-02-17T15:35:09","guid":{"rendered":"https:\/\/www.ffw-lauenstein.de\/?p=4339"},"modified":"2022-02-18T11:00:12","modified_gmt":"2022-02-18T09:00:12","slug":"sturmtief-ylenia-beschaeftigt-nachts-die-feuerwehrleute","status":"publish","type":"post","link":"https:\/\/www.ffw-lauenstein.de\/?p=4339","title":{"rendered":"Sturmtief &#8222;Ylenia&#8220; besch\u00e4ftigt nachts die Feuerwehrleute"},"content":{"rendered":"<p>Das Sturmtief &#8222;Ylenia&#8220; hat auch die Feuerwehrleute der Freiwilligen Feuerwehr Lauenstein in der Nacht des 17.02.2022 besch\u00e4ftigt. Zun\u00e4chst wurden die Feuerwehrleute um 03:05 Uhr von der \u00f6rtlichen Einsatzleitung aus Salzhemmendorf alarmiert. Ein gro\u00dfer Ast hat die Ithstra\u00dfe, in der N\u00e4he des Feuerwehrhauses, blockiert. Als der Ast beiseite ger\u00e4umt war, hat man einen Baum auf der L425 Richtung Haus Harderode, auf der H\u00f6he der Lauensteiner Platte&#8220; entfernt. Danach konnten die Feuerwehrleute einr\u00fccken und sich zu Hause ausruhen. Aber um 05:48 Uhr wurde die Feuerwehr Lauenstein wieder alarmiert. Dieses mal musste ein Baum auf der L455 bei Hof Spiegelberg von der Stra\u00dfe ger\u00e4umt werden. Sp\u00e4ter wurde der Stra\u00dfenabschnitt von der Stra\u00dfenmeisterei gesperrt, weil weitere \u00c4ste und B\u00e4ume auf die Stra\u00dfe zu fallen drohten. Auf dem R\u00fcckweg von der Einsatzstelle bei Hof Spiegelberg haben die Lauensteiner Kameraden ein Baustellen Klo in der Stra\u00dfe &#8222;Im Schwalenkamp&#8220; von der Stra\u00dfe ger\u00e4umt. Danach konnten die Feuerwehrleute Ihren Schlaf nachholen oder zur Arbeitsstelle fahren. Im gesamten Gemeinde- und Kreisgebiet waren die Feuerwehren im Dauereinsatz.<\/p>\n<p>Hier der Bericht der Gemeindefeuerwehr Salzhemmendorf:<\/p>\n<p><a href=\"https:\/\/gf-salzhemmendorf.de\/de\/einsaetze\/einsatz-detail\/?tx_operations_list%5Boperation%5D=219&amp;tx_operations_list%5Baction%5D=show&amp;tx_operations_list%5Bcontroller%5D=Operation&amp;cHash=5ea4c74b366c0d493efec19ef8980c71\">Einsatz-Detail | Retten, L\u00f6schen, Bergen, Sch\u00fctzen (gf-salzhemmendorf.de)<\/a><\/p>\n<p><a href=\"https:\/\/www.ffw-lauenstein.de\/?attachment_id=4342\" rel=\"attachment wp-att-4342\"><img loading=\"lazy\" decoding=\"async\" class=\"alignnone size-large wp-image-4342\" src=\"https:\/\/www.ffw-lauenstein.de\/wp-content\/uploads\/2022\/02\/IMG-20220217-WA0004-1200x675.jpg\" alt=\"\" width=\"840\" height=\"473\" srcset=\"https:\/\/www.ffw-lauenstein.de\/wp-content\/uploads\/2022\/02\/IMG-20220217-WA0004-1200x675.jpg 1200w, https:\/\/www.ffw-lauenstein.de\/wp-content\/uploads\/2022\/02\/IMG-20220217-WA0004-850x478.jpg 850w, https:\/\/www.ffw-lauenstein.de\/wp-content\/uploads\/2022\/02\/IMG-20220217-WA0004-250x141.jpg 250w, https:\/\/www.ffw-lauenstein.de\/wp-content\/uploads\/2022\/02\/IMG-20220217-WA0004-768x432.jpg 768w, https:\/\/www.ffw-lauenstein.de\/wp-content\/uploads\/2022\/02\/IMG-20220217-WA0004-1536x864.jpg 1536w, https:\/\/www.ffw-lauenstein.de\/wp-content\/uploads\/2022\/02\/IMG-20220217-WA0004.jpg 2016w\" sizes=\"auto, (max-width: 709px) 85vw, (max-width: 909px) 67vw, (max-width: 1362px) 62vw, 840px\" \/><\/a> <a href=\"https:\/\/www.ffw-lauenstein.de\/?attachment_id=4343\" rel=\"attachment wp-att-4343\"><img loading=\"lazy\" decoding=\"async\" class=\"alignnone size-large wp-image-4343\" src=\"https:\/\/www.ffw-lauenstein.de\/wp-content\/uploads\/2022\/02\/s9-1200x675.jpg\" alt=\"\" width=\"840\" height=\"473\" srcset=\"https:\/\/www.ffw-lauenstein.de\/wp-content\/uploads\/2022\/02\/s9-1200x675.jpg 1200w, https:\/\/www.ffw-lauenstein.de\/wp-content\/uploads\/2022\/02\/s9-850x478.jpg 850w, https:\/\/www.ffw-lauenstein.de\/wp-content\/uploads\/2022\/02\/s9-250x141.jpg 250w\" sizes=\"auto, (max-width: 709px) 85vw, (max-width: 909px) 67vw, (max-width: 1362px) 62vw, 840px\" \/><\/a> <a href=\"https:\/\/www.ffw-lauenstein.de\/?attachment_id=4344\" rel=\"attachment wp-att-4344\"><img loading=\"lazy\" decoding=\"async\" class=\"alignnone size-large wp-image-4344\" src=\"https:\/\/www.ffw-lauenstein.de\/wp-content\/uploads\/2022\/02\/s10-1200x675.jpg\" alt=\"\" width=\"840\" height=\"473\" srcset=\"https:\/\/www.ffw-lauenstein.de\/wp-content\/uploads\/2022\/02\/s10-1200x675.jpg 1200w, https:\/\/www.ffw-lauenstein.de\/wp-content\/uploads\/2022\/02\/s10-850x478.jpg 850w, https:\/\/www.ffw-lauenstein.de\/wp-content\/uploads\/2022\/02\/s10-250x141.jpg 250w\" sizes=\"auto, (max-width: 709px) 85vw, (max-width: 909px) 67vw, (max-width: 1362px) 62vw, 840px\" \/><\/a><\/p>\n","protected":false},"excerpt":{"rendered":"<p>Das Sturmtief &#8222;Ylenia&#8220; hat auch die Feuerwehrleute der Freiwilligen Feuerwehr Lauenstein in der Nacht des 17.02.2022 besch\u00e4ftigt. Zun\u00e4chst wurden die Feuerwehrleute um 03:05 Uhr von der \u00f6rtlichen Einsatzleitung aus Salzhemmendorf &hellip; <a href=\"https:\/\/www.ffw-lauenstein.de\/?p=4339\" class=\"more-link\"><span class=\"screen-reader-text\">\u201eSturmtief &#8222;Ylenia&#8220; besch\u00e4ftigt nachts die Feuerwehrleute\u201c <\/span>weiterlesen<\/a><\/p>\n","protected":false},"author":4,"featured_media":0,"comment_status":"closed","ping_status":"open","sticky":false,"template":"","format":"standard","meta":{"ngg_post_thumbnail":0,"footnotes":""},"categories":[1],"tags":[],"class_list":["post-4339","post","type-post","status-publish","format-standard","hentry","category-veranstaltungen"],"_links":{"self":[{"href":"https:\/\/www.ffw-lauenstein.de\/index.php?rest_route=\/wp\/v2\/posts\/4339","targetHints":{"allow":["GET"]}}],"collection":[{"href":"https:\/\/www.ffw-lauenstein.de\/index.php?rest_route=\/wp\/v2\/posts"}],"about":[{"href":"https:\/\/www.ffw-lauenstein.de\/index.php?rest_route=\/wp\/v2\/types\/post"}],"author":[{"embeddable":true,"href":"https:\/\/www.ffw-lauenstein.de\/index.php?rest_route=\/wp\/v2\/users\/4"}],"replies":[{"embeddable":true,"href":"https:\/\/www.ffw-lauenstein.de\/index.php?rest_route=%2Fwp%2Fv2%2Fcomments&post=4339"}],"version-history":[{"count":4,"href":"https:\/\/www.ffw-lauenstein.de\/index.php?rest_route=\/wp\/v2\/posts\/4339\/revisions"}],"predecessor-version":[{"id":4348,"href":"https:\/\/www.ffw-lauenstein.de\/index.php?rest_route=\/wp\/v2\/posts\/4339\/revisions\/4348"}],"wp:attachment":[{"href":"https:\/\/www.ffw-lauenstein.de\/index.php?rest_route=%2Fwp%2Fv2%2Fmedia&parent=4339"}],"wp:term":[{"taxonomy":"category","embeddable":true,"href":"https:\/\/www.ffw-lauenstein.de\/index.php?rest_route=%2Fwp%2Fv2%2Fcategories&post=4339"},{"taxonomy":"post_tag","embeddable":true,"href":"https:\/\/www.ffw-lauenstein.de\/index.php?rest_route=%2Fwp%2Fv2%2Ftags&post=4339"}],"curies":[{"name":"wp","href":"https:\/\/api.w.org\/{rel}","templated":true}]}}