{"id":4349,"date":"2022-02-21T17:07:31","date_gmt":"2022-02-21T15:07:31","guid":{"rendered":"https:\/\/www.ffw-lauenstein.de\/?p=4349"},"modified":"2022-02-22T10:27:26","modified_gmt":"2022-02-22T08:27:26","slug":"erneutes-sturmtief-sorgt-fuer-feuerwehreinsaetze","status":"publish","type":"post","link":"https:\/\/www.ffw-lauenstein.de\/?p=4349","title":{"rendered":"Erneutes Sturmtief sorgt f\u00fcr Feuerwehreins\u00e4tze"},"content":{"rendered":"<p>Das Sturmtief &#8222;Zeynep&#8220; hat am Freitag Abend und Samstag Nacht wieder f\u00fcr Feuerwehreins\u00e4tze gesorgt. Am Freitag Abend, den 18.02.2022 um 23:25 Uhr, wurde die Freiwillige Feuerwehr Lauenstein von der \u00d6EL in die Stra\u00dfe am Kindergarten alarmiert. Hier ist ein gro\u00dfer Baum auf die Stra\u00dfe gefallen. Die Baumkrone reichte bis zum Parkplatz an der Rudorffstra\u00dfe und fiel auf ein Auto. Zum Gl\u00fcck befand sich niemand in dem geparktem Auto, so dass keiner verletzt wurde. Auch der Sachschaden hielt sich in Grenzen. Die Feuerwehrleute zers\u00e4gten den Baum, so dass Anwohner wieder zu Ihren Grundst\u00fccken kamen und befreiten das Auto. Noch w\u00e4hrend des Einsatzes haben wir f\u00fcr unseren Kameraden Mika ein St\u00e4ndchen zu seinem 22. Geburtstag gesungen.<\/p>\n<p>Der zweite Einsatz f\u00fcr die Feuerwehr Lauenstein war am Samstag Nacht, den 19.02.2022 um 03:45, auf der L455 Richtung Hof Spiegelberg in der H\u00f6he des Friedhofes. Auch hier ist ein gro\u00dfer Baum auf die Stra\u00dfe gefallen und hat diese komplett versperrt. Nach R\u00fccksprache mit dem ebenfalls anwesenden Gemeindebrandmeister wurde zur Unterst\u00fctzung die Ortsfeuerwehr Salzhemmendorf nachalarmiert. Den urspr\u00fcnglichen Plan, den Baum, nach dem er zum Gro\u00dfteil entastet und der Baumstamm gek\u00fcrzt worden ist, die restliche Baumkrone mit Hilfe der Seilwinde vom R\u00fcstwagen von der Stra\u00dfe zu ziehen, musste auf Grund weiterbestehender starker B\u00f6en abgebrochen werden. Im Arbeitsbereich der Feuerwehrm\u00e4nner drohten weitere B\u00e4ume umzust\u00fcrzen. Daraufhin entschied man die Einsatzstelle zu sichern und die Stra\u00dfe durch die Stra\u00dfenmeisterei zu sperren. Der restliche Baum wurde dann am Morgen entfernt und die Stra\u00dfe konnte wieder freigegeben werden.<\/p>\n<p>Auch hier waren wieder Feuerwehren im gesamten Kreis- und Gemeindegebiet im Einsatz. <a href=\"https:\/\/gf-salzhemmendorf.de\/de\/einsaetze\/einsatz-detail\/?tx_operations_list%5Boperation%5D=220&amp;tx_operations_list%5Baction%5D=show&amp;tx_operations_list%5Bcontroller%5D=Operation&amp;cHash=c0fe1b8813b66fc3b4eb2c60b9c99a53\">Einsatz-Detail | Retten, L\u00f6schen, Bergen, Sch\u00fctzen (gf-salzhemmendorf.de)<\/a><\/p>\n<p><a href=\"https:\/\/www.ffw-lauenstein.de\/?attachment_id=4350\" rel=\"attachment wp-att-4350\"><img loading=\"lazy\" decoding=\"async\" class=\"alignnone size-large wp-image-4350\" src=\"https:\/\/www.ffw-lauenstein.de\/wp-content\/uploads\/2022\/02\/IMG-20220219-WA0000-768x675.jpg\" alt=\"\" width=\"768\" height=\"675\"><\/a> <a href=\"https:\/\/www.ffw-lauenstein.de\/?attachment_id=4352\" rel=\"attachment wp-att-4352\"><img loading=\"lazy\" decoding=\"async\" class=\"alignnone size-large wp-image-4352\" src=\"https:\/\/www.ffw-lauenstein.de\/wp-content\/uploads\/2022\/02\/IMG-20220219-WA0005-768x675.jpg\" alt=\"\" width=\"768\" height=\"675\"><\/a> <a href=\"https:\/\/www.ffw-lauenstein.de\/?attachment_id=4353\" rel=\"attachment wp-att-4353\"><img loading=\"lazy\" decoding=\"async\" class=\"alignnone size-large wp-image-4353\" src=\"https:\/\/www.ffw-lauenstein.de\/wp-content\/uploads\/2022\/02\/IMG-20220219-WA0034-1200x675.jpg\" alt=\"\" width=\"840\" height=\"473\" srcset=\"https:\/\/www.ffw-lauenstein.de\/wp-content\/uploads\/2022\/02\/IMG-20220219-WA0034-1200x675.jpg 1200w, https:\/\/www.ffw-lauenstein.de\/wp-content\/uploads\/2022\/02\/IMG-20220219-WA0034-850x478.jpg 850w, https:\/\/www.ffw-lauenstein.de\/wp-content\/uploads\/2022\/02\/IMG-20220219-WA0034-250x141.jpg 250w\" sizes=\"auto, (max-width: 709px) 85vw, (max-width: 909px) 67vw, (max-width: 1362px) 62vw, 840px\" \/><\/a> <a href=\"https:\/\/www.ffw-lauenstein.de\/?attachment_id=4354\" rel=\"attachment wp-att-4354\"><img loading=\"lazy\" decoding=\"async\" class=\"alignnone size-large wp-image-4354\" src=\"https:\/\/www.ffw-lauenstein.de\/wp-content\/uploads\/2022\/02\/IMG-20220219-WA0037-1200x675.jpg\" alt=\"\" width=\"840\" height=\"473\" srcset=\"https:\/\/www.ffw-lauenstein.de\/wp-content\/uploads\/2022\/02\/IMG-20220219-WA0037-1200x675.jpg 1200w, https:\/\/www.ffw-lauenstein.de\/wp-content\/uploads\/2022\/02\/IMG-20220219-WA0037-850x478.jpg 850w, https:\/\/www.ffw-lauenstein.de\/wp-content\/uploads\/2022\/02\/IMG-20220219-WA0037-250x141.jpg 250w\" sizes=\"auto, (max-width: 709px) 85vw, (max-width: 909px) 67vw, (max-width: 1362px) 62vw, 840px\" \/><\/a><\/p>\n","protected":false},"excerpt":{"rendered":"<p>Das Sturmtief &#8222;Zeynep&#8220; hat am Freitag Abend und Samstag Nacht wieder f\u00fcr Feuerwehreins\u00e4tze gesorgt. Am Freitag Abend, den 18.02.2022 um 23:25 Uhr, wurde die Freiwillige Feuerwehr Lauenstein von der \u00d6EL &hellip; <a href=\"https:\/\/www.ffw-lauenstein.de\/?p=4349\" class=\"more-link\"><span class=\"screen-reader-text\">\u201eErneutes Sturmtief sorgt f\u00fcr Feuerwehreins\u00e4tze\u201c <\/span>weiterlesen<\/a><\/p>\n","protected":false},"author":4,"featured_media":0,"comment_status":"closed","ping_status":"open","sticky":false,"template":"","format":"standard","meta":{"ngg_post_thumbnail":0,"footnotes":""},"categories":[1],"tags":[],"class_list":["post-4349","post","type-post","status-publish","format-standard","hentry","category-veranstaltungen"],"_links":{"self":[{"href":"https:\/\/www.ffw-lauenstein.de\/index.php?rest_route=\/wp\/v2\/posts\/4349","targetHints":{"allow":["GET"]}}],"collection":[{"href":"https:\/\/www.ffw-lauenstein.de\/index.php?rest_route=\/wp\/v2\/posts"}],"about":[{"href":"https:\/\/www.ffw-lauenstein.de\/index.php?rest_route=\/wp\/v2\/types\/post"}],"author":[{"embeddable":true,"href":"https:\/\/www.ffw-lauenstein.de\/index.php?rest_route=\/wp\/v2\/users\/4"}],"replies":[{"embeddable":true,"href":"https:\/\/www.ffw-lauenstein.de\/index.php?rest_route=%2Fwp%2Fv2%2Fcomments&post=4349"}],"version-history":[{"count":6,"href":"https:\/\/www.ffw-lauenstein.de\/index.php?rest_route=\/wp\/v2\/posts\/4349\/revisions"}],"predecessor-version":[{"id":4356,"href":"https:\/\/www.ffw-lauenstein.de\/index.php?rest_route=\/wp\/v2\/posts\/4349\/revisions\/4356"}],"wp:attachment":[{"href":"https:\/\/www.ffw-lauenstein.de\/index.php?rest_route=%2Fwp%2Fv2%2Fmedia&parent=4349"}],"wp:term":[{"taxonomy":"category","embeddable":true,"href":"https:\/\/www.ffw-lauenstein.de\/index.php?rest_route=%2Fwp%2Fv2%2Fcategories&post=4349"},{"taxonomy":"post_tag","embeddable":true,"href":"https:\/\/www.ffw-lauenstein.de\/index.php?rest_route=%2Fwp%2Fv2%2Ftags&post=4349"}],"curies":[{"name":"wp","href":"https:\/\/api.w.org\/{rel}","templated":true}]}}