{"id":4375,"date":"2022-03-30T15:45:48","date_gmt":"2022-03-30T13:45:48","guid":{"rendered":"https:\/\/www.ffw-lauenstein.de\/?p=4375"},"modified":"2022-03-30T15:46:07","modified_gmt":"2022-03-30T13:46:07","slug":"kreisweiter-warntag-im-landkreis-hameln-pyrmont","status":"publish","type":"post","link":"https:\/\/www.ffw-lauenstein.de\/?p=4375","title":{"rendered":"Kreisweiter Warntag im Landkreis Hameln-Pyrmont"},"content":{"rendered":"<p>Kreisweiter Warntag am 2. April 2022<\/p>\n<p>Unvergessen ist die Flutkatastrophe im Ahrtal vom Juli 2021 Ein Problem war, dass die Warnung der Bev\u00f6lkerung nicht ausreichend funktioniert hat.<\/p>\n<p>Diese fatalen Folgen einer Unwetterkatastrophe verbunden mit der aktuellen Lage aufgrund des Angriffskrieges auf die Ukraine, mitten in Europa, verdeutlichen, wie wichtig es ist, dass die Bev\u00f6lkerung vor allgemeinen Gefahren und Katstrophen umfangreich und verl\u00e4sslich gewarnt werden kann.<\/p>\n<p>Aus diesem Grund haben Landrat Dirk Adomat, die Hauptverwaltungsbeamten der kreisangeh\u00f6rigen St\u00e4dte und Gemeinden sowie die Kreispolitik beschlossen, die im Landkreis Hameln-Pyrmont vorgehaltenen Warnm\u00f6glichkeiten sowie Verhaltensempfehlungen f\u00fcr den Notfall regelm\u00e4\u00dfig zu kommunizieren.<\/p>\n<p>Der erste kreisweite Warntag findet am 2. April 2022 statt, weitere Warntage folgen dann an jedem ersten Samstag im Quartal.<\/p>\n<p>Beim ersten kreisweiten Warntag soll insbesondere das Sirenensignal \u201eWarnung der Bev\u00f6lkerung\u201c herausgestellt und bekannt gemacht werden, das vor Katastrophen und allgemeinen Gefahren wie Hochwasser, Starkregen oder Gro\u00dfbr\u00e4nden warnt.<\/p>\n<p>Ab 12 Uhr werden mit jeweils f\u00fcnf Minuten Abstand nacheinander die Sirenensignale \u201eEntwarnung\u201c, \u201eWarnung der Bev\u00f6lkerung\u201c und \u201eEntwarnung\u201c ausgel\u00f6st. Zeitgleich mit dem Sirenensignal \u201eWarnung der Bev\u00f6lkerung\u201c wird die \u201eKooperative Regionalleitstelle\u201c die Warn-APP \u201eNINA\u201c zur Probe ausl\u00f6sen. Zudem werden Info-Meldungen \u00fcber die Social-Media-Kan\u00e4le des Landkreises und unsere Homepage erstellt.<\/p>\n<p>Zur Vorbereitung auf den Warntag empfiehlt der Landkreis Hameln-Pyrmont allen B\u00fcrgerinnen und B\u00fcrgern die Warn-APP \u201eNINA\u201c auf dem Smartphon zu installieren und die Social Media Kan\u00e4le zu abonnieren.<\/p>\n<p>Mit Blick auf die k\u00fcnftigen Warntage sensibilisiert der Landkreis Hameln-Pyrmont zudem insbesondere Vertriebene aus der Ukraine f\u00fcr die geplanten Ma\u00dfnahmen mit direkter Ansprache \u00fcber die Fl\u00fcchtlingssozial- sowie \u00d6ffentlichkeitsarbeit.<\/p>\n<p>\u201eUns ist schmerzlich bewusst, dass wir derzeit Menschen aufnehmen, die aufgrund ihrer schrecklichen Erfahrungen aus den vergangenen Wochen sich schwer damit tun, Sinn und Hintergr\u00fcnde des Warntages sowie der Sirenennutzung im Allgemeinen richtig einzuordnen. Aus diesem Grund ist dem Landkreis rechtzeitige Aufkl\u00e4rung sehr wichtig. Ich m\u00f6chte alle Personen bitten, die im unmittelbaren Kontakt zu Vertriebenen aus der Ukraine stehen, diese Informationen zus\u00e4tzlich und in geeigneter Form weiterzugeben\u201c, so Landrat Dirk Adomat.<\/p>\n<p>Alle Informationen zum kreisweiten Warntag, inkl. Warnm\u00f6glichkeiten im Landkreis Hameln-Pyrmont, richtigen Verhaltensweisen vor, w\u00e4hrend und nach einer Notsitua-tion sowie die akustischen Sirenenalarme gibt es hier:&nbsp;<a href=\"https:\/\/www.hameln-pyrmont.de\/warnung?fbclid=IwAR1qtq-6tloYeSrQjkPY-a9gus2_iG-ddt7GWt4LtOVM3tgD4mWc79U9BVQ\" target=\"_blank\" rel=\"nofollow noopener\"><strong>https:\/\/www.hameln-pyrmont.de\/warnung<\/strong><\/a>&nbsp;.<\/p>\n<p>Das Video zum Warntag in deutscher Sprache ist hier zu finden:&nbsp;<a href=\"https:\/\/l.facebook.com\/l.php?u=https%3A%2F%2Fwww.youtube.com%2Fwatch%3Fv%3DdbVWQ1BgaV4%26t%3D8s%26fbclid%3DIwAR1TbUI5bjxVO1DJpmdEv0Cx8cBsbJyfVmraaNvCEJeJGXb17KcEVPBCmMU&amp;h=AT2YrmbNmiYhkxwfG36pbee4yvPFnqdJ7cSS266OnvOkWPrJLyuwy-cpqDgn0XW2pUjN7mUVB2jBlRELqhpKnsHb9jyz6iVYgEzBwMjLokHbxMFptkSWrbIQFS7JyhignRSJnN1EmYfmfy_sxo19&amp;c[0]=AT3LB4npLXNi5E83dSg9r9WNQV7c8UfpQGoEo66rSUP5gXabkBnyaib_QQowJc1ZT84T1ZGv3lzyGIaaLUwfU_ABR-aqvgU02KwgZIdNfqTQC7NibZQLGY1cFJic264c2WFkY36MHgQLMWFOq9sWXB_44mddL3WiESXP\" target=\"_blank\" rel=\"nofollow noopener\"><strong>https:\/\/www.youtube.com\/watch?v=dbVWQ1BgaV4&amp;t=8s<\/strong><\/a>&nbsp;<\/p>\n","protected":false},"excerpt":{"rendered":"<p>Kreisweiter Warntag am 2. April 2022 Unvergessen ist die Flutkatastrophe im Ahrtal vom Juli 2021 Ein Problem war, dass die Warnung der Bev\u00f6lkerung nicht ausreichend funktioniert hat. Diese fatalen Folgen &hellip; <a href=\"https:\/\/www.ffw-lauenstein.de\/?p=4375\" class=\"more-link\"><span class=\"screen-reader-text\">\u201eKreisweiter Warntag im Landkreis Hameln-Pyrmont\u201c <\/span>weiterlesen<\/a><\/p>\n","protected":false},"author":4,"featured_media":0,"comment_status":"closed","ping_status":"open","sticky":false,"template":"","format":"standard","meta":{"ngg_post_thumbnail":0,"footnotes":""},"categories":[17,13],"tags":[],"class_list":["post-4375","post","type-post","status-publish","format-standard","hentry","category-aktuelles","category-sonstiges"],"_links":{"self":[{"href":"https:\/\/www.ffw-lauenstein.de\/index.php?rest_route=\/wp\/v2\/posts\/4375","targetHints":{"allow":["GET"]}}],"collection":[{"href":"https:\/\/www.ffw-lauenstein.de\/index.php?rest_route=\/wp\/v2\/posts"}],"about":[{"href":"https:\/\/www.ffw-lauenstein.de\/index.php?rest_route=\/wp\/v2\/types\/post"}],"author":[{"embeddable":true,"href":"https:\/\/www.ffw-lauenstein.de\/index.php?rest_route=\/wp\/v2\/users\/4"}],"replies":[{"embeddable":true,"href":"https:\/\/www.ffw-lauenstein.de\/index.php?rest_route=%2Fwp%2Fv2%2Fcomments&post=4375"}],"version-history":[{"count":1,"href":"https:\/\/www.ffw-lauenstein.de\/index.php?rest_route=\/wp\/v2\/posts\/4375\/revisions"}],"predecessor-version":[{"id":4376,"href":"https:\/\/www.ffw-lauenstein.de\/index.php?rest_route=\/wp\/v2\/posts\/4375\/revisions\/4376"}],"wp:attachment":[{"href":"https:\/\/www.ffw-lauenstein.de\/index.php?rest_route=%2Fwp%2Fv2%2Fmedia&parent=4375"}],"wp:term":[{"taxonomy":"category","embeddable":true,"href":"https:\/\/www.ffw-lauenstein.de\/index.php?rest_route=%2Fwp%2Fv2%2Fcategories&post=4375"},{"taxonomy":"post_tag","embeddable":true,"href":"https:\/\/www.ffw-lauenstein.de\/index.php?rest_route=%2Fwp%2Fv2%2Ftags&post=4375"}],"curies":[{"name":"wp","href":"https:\/\/api.w.org\/{rel}","templated":true}]}}