{"id":4383,"date":"2022-04-25T20:44:58","date_gmt":"2022-04-25T18:44:58","guid":{"rendered":"https:\/\/www.ffw-lauenstein.de\/?p=4383"},"modified":"2022-04-25T20:45:44","modified_gmt":"2022-04-25T18:45:44","slug":"jahreshauptversammlung-feuerwehr-lauenstein-2022","status":"publish","type":"post","link":"https:\/\/www.ffw-lauenstein.de\/?p=4383","title":{"rendered":"Jahreshauptversammlung Feuerwehr Lauenstein 2022"},"content":{"rendered":"<p>Gestern fand nach einem Jahr Zwangspause durch die Pandemie wieder die Jahreshauptversammlung der Freiwilligen Feuerwehr Lauenstein in der Mehrzweckhalle statt. Nach der musikalischen Einleitung durch den Jugendspielmannszug, begr\u00fc\u00dfte Ortsbrandmeister Hubert Brock alle Anwesenden. Bevor der offizielle Teil der Jahreshauptversammlung begann, wurde erst einmal ein leckeres Essen, das vom Naturfreundehaus zubereitet wurde, welches aus Schnitzel mit verschieden So\u00dfen und Wei\u00dfbrot bestand, serviert. Anschlie\u00dfend wurden die Jahresberichte der Einsatzabteilung, Jugendfeuerwehr, Kinderfeuerwehr, Jugendspielmannszug, Altersabteilung sowie der Bericht des Sp\u00fcr&amp;Messtrupps verlesen. Im Jahr 2020 mussten die Brandsch\u00fctzer zu insgesamt 17 Brand und Hilfeleistungseins\u00e4tze ausr\u00fccken. Im Jahr 2021 waren es 15 Brand\/Hilfeleistungseins\u00e4tze. Der Pandemie geschuldet, konnten s\u00e4mtliche \u00dcbungsdienste und Veranstaltungen nicht stattfinden. Dennoch konnten einige Feuerwehrangeh\u00f6rige in den Jahren 2020\/2021 einzelne Lehrg\u00e4nge besuchen und mit Erfolg bestehen. Im Jahr 2020 hat Michael Sch\u00fctze erfolgreich den Lehrgang zum Sprechfunker bestanden und Daniel Jermis schloss den Lehrgang zum Zugf\u00fchrer Teil 1 und Teil 2 erfolgreich ab. 2021 wurden folgende Lehrg\u00e4nge mit Erfolg bestanden: Patrick Gr\u00fctz= Gruppenf\u00fchrer Teil 1 und 2, Marielies Wiechmann und Erik W\u00f6hler= Truppf\u00fchrer, Lukas Keilhoff= Atemschutzger\u00e4tetr\u00e4ger, Jasmin Kosuch, Alexandra W\u00f6hler, Lukas Keilhoff, Mika Schuler und Alfred Strasser= Truppmann. Michael Switek und Kai Wendland wurden 2020\/21 von der Kreisfeuerwehr f\u00fcr 25 Jahre und 20 Jahre aktiven Dienst im KAT-S (Katastrophenschutz) Zug geehrt. 2021 wurde Daniel Jermis von der Kreisfeuerwehr zum Brandmeister sowie Jens Brock zum Oberbrandmeister bef\u00f6rdert. 2021 haben die Kameraden Jens Brock, Lukas Keilhoff und J\u00f6rn Cyperski erfolgreich das Deutsche Feuerwehr-Fitness-Abzeichen bestanden.<\/p>\n<p>Durch den Gemeindebrandmeister Rolf Schmidt und Ortsbrandmeister Hubert Brock wurden folgende Kameraden und Kameradinnen bef\u00f6rdert: Lucas Ulbrich =L\u00f6schmeister, Mandy Cyperski = 1. Hauptfeuerwehrfrau, Erik W\u00f6hler = Oberfeuerwehrmann, Jasmin Kosuch = Feuerwehrfrau, Alexandra W\u00f6hler = Feuerwehrfrau, Lukas Keilhof = Feuerwehrmann, Mika Schuler = Feuerwehrmann, Alfred Strasser = Feuerwehrmann. F\u00fcr die 25-j\u00e4hrige Mitgliedschaft wurde Daniel Jermis geehrt. F\u00fcr 40-j\u00e4hrige Mitgliedschaft wurden Ute Cichy, Henric W\u00f6hler und Christian Risch geehrt. Aktuell z\u00e4hlt die Freiwillige Feuerwehr Lauenstein 475 Mitglieder, die sich aus Einsatzabteilung, Altersabteilung, Jugendfeuerwehr, Kinderfeuerwehr, Jugendspielmannszug und F\u00f6rdernde zusammensetzen. Bericht Gemeindefeuerwehr Salzhemmendorf<\/p>\n","protected":false},"excerpt":{"rendered":"<p>Gestern fand nach einem Jahr Zwangspause durch die Pandemie wieder die Jahreshauptversammlung der Freiwilligen Feuerwehr Lauenstein in der Mehrzweckhalle statt. Nach der musikalischen Einleitung durch den Jugendspielmannszug, begr\u00fc\u00dfte Ortsbrandmeister Hubert &hellip; <a href=\"https:\/\/www.ffw-lauenstein.de\/?p=4383\" class=\"more-link\"><span class=\"screen-reader-text\">\u201eJahreshauptversammlung Feuerwehr Lauenstein 2022\u201c <\/span>weiterlesen<\/a><\/p>\n","protected":false},"author":4,"featured_media":0,"comment_status":"closed","ping_status":"open","sticky":false,"template":"","format":"standard","meta":{"ngg_post_thumbnail":0,"footnotes":""},"categories":[1],"tags":[],"class_list":["post-4383","post","type-post","status-publish","format-standard","hentry","category-veranstaltungen"],"_links":{"self":[{"href":"https:\/\/www.ffw-lauenstein.de\/index.php?rest_route=\/wp\/v2\/posts\/4383","targetHints":{"allow":["GET"]}}],"collection":[{"href":"https:\/\/www.ffw-lauenstein.de\/index.php?rest_route=\/wp\/v2\/posts"}],"about":[{"href":"https:\/\/www.ffw-lauenstein.de\/index.php?rest_route=\/wp\/v2\/types\/post"}],"author":[{"embeddable":true,"href":"https:\/\/www.ffw-lauenstein.de\/index.php?rest_route=\/wp\/v2\/users\/4"}],"replies":[{"embeddable":true,"href":"https:\/\/www.ffw-lauenstein.de\/index.php?rest_route=%2Fwp%2Fv2%2Fcomments&post=4383"}],"version-history":[{"count":1,"href":"https:\/\/www.ffw-lauenstein.de\/index.php?rest_route=\/wp\/v2\/posts\/4383\/revisions"}],"predecessor-version":[{"id":4384,"href":"https:\/\/www.ffw-lauenstein.de\/index.php?rest_route=\/wp\/v2\/posts\/4383\/revisions\/4384"}],"wp:attachment":[{"href":"https:\/\/www.ffw-lauenstein.de\/index.php?rest_route=%2Fwp%2Fv2%2Fmedia&parent=4383"}],"wp:term":[{"taxonomy":"category","embeddable":true,"href":"https:\/\/www.ffw-lauenstein.de\/index.php?rest_route=%2Fwp%2Fv2%2Fcategories&post=4383"},{"taxonomy":"post_tag","embeddable":true,"href":"https:\/\/www.ffw-lauenstein.de\/index.php?rest_route=%2Fwp%2Fv2%2Ftags&post=4383"}],"curies":[{"name":"wp","href":"https:\/\/api.w.org\/{rel}","templated":true}]}}