{"id":4441,"date":"2022-08-11T19:23:36","date_gmt":"2022-08-11T17:23:36","guid":{"rendered":"https:\/\/www.ffw-lauenstein.de\/?p=4441"},"modified":"2022-08-11T19:25:00","modified_gmt":"2022-08-11T17:25:00","slug":"gemeldeter-waldbrand-in-der-naehe-vom-naturfreundehaus","status":"publish","type":"post","link":"https:\/\/www.ffw-lauenstein.de\/?p=4441","title":{"rendered":"Gemeldeter Waldbrand in der N\u00e4he vom Naturfreundehaus"},"content":{"rendered":"<p>Mit dem Stichwort \u201eWaldbrand\u201c wurden am 10.08.2022 gegen 19:29 Uhr die Feuerwehren Lauenstein, Salzhemmendorf und das Tankl\u00f6schfahrzeug aus Oldendorf zum Naturfreundehaus alarmiert. Ein Landwirt hatte aus der Ferne Rauch aufsteigen sehen, da es den Anschein hatte, dass es sich um einen Waldbrand handeln w\u00fcrde, w\u00e4hlte der Landwirt den Notruf. Beim Eintreffen der ersten Feuerwehrkr\u00e4fte konnte Einsatzleiter Bernd Hoffmann allerdings schnell Entwarnung geben. Eine Jugendgruppe und ihre Betreuer hatten ein Lagerfeuer am Naturfreundehaus betrieben. Dieses wurde auf einer offiziellen Feuerstelle betrieben und wurde sehr vorbildlich abgesichert. Die Feuerstelle hatte zudem ausreichenden Abstand zum angrenzenden Wald. Um das Feuer klein zu halten, wurde von den Betreuern Wasser auf das Feuer gekippt, dieses zog eine Rauchwolke nach sich, welches der Landwirt aus der Ferne sah, und Alarm schlug. Die Feuerwehr musste nicht mehr t\u00e4tig werden und die Betreuer der Jugendgruppe l\u00f6schten das Lagerfeuer, an dem die Kids ihr Stockbrot r\u00f6steten, noch weiter ab und stellten vorsorglich weitere Beh\u00e4lter mit Wasser bereit. Bericht Gemeindefeuerwehr Salzhemmendorf<\/p>\n<p><a href=\"https:\/\/www.ffw-lauenstein.de\/?attachment_id=4442\" rel=\"attachment wp-att-4442\"><img loading=\"lazy\" decoding=\"async\" class=\"alignnone size-large wp-image-4442\" src=\"https:\/\/www.ffw-lauenstein.de\/wp-content\/uploads\/2022\/08\/Waldbrand-Naturfreundehaus-10.08.2022-768x675.jpg\" alt=\"\" width=\"768\" height=\"675\"><\/a><\/p>\n","protected":false},"excerpt":{"rendered":"<p>Mit dem Stichwort \u201eWaldbrand\u201c wurden am 10.08.2022 gegen 19:29 Uhr die Feuerwehren Lauenstein, Salzhemmendorf und das Tankl\u00f6schfahrzeug aus Oldendorf zum Naturfreundehaus alarmiert. Ein Landwirt hatte aus der Ferne Rauch aufsteigen &hellip; <a href=\"https:\/\/www.ffw-lauenstein.de\/?p=4441\" class=\"more-link\"><span class=\"screen-reader-text\">\u201eGemeldeter Waldbrand in der N\u00e4he vom Naturfreundehaus\u201c <\/span>weiterlesen<\/a><\/p>\n","protected":false},"author":4,"featured_media":0,"comment_status":"closed","ping_status":"open","sticky":false,"template":"","format":"standard","meta":{"ngg_post_thumbnail":0,"footnotes":""},"categories":[1],"tags":[],"class_list":["post-4441","post","type-post","status-publish","format-standard","hentry","category-veranstaltungen"],"_links":{"self":[{"href":"https:\/\/www.ffw-lauenstein.de\/index.php?rest_route=\/wp\/v2\/posts\/4441","targetHints":{"allow":["GET"]}}],"collection":[{"href":"https:\/\/www.ffw-lauenstein.de\/index.php?rest_route=\/wp\/v2\/posts"}],"about":[{"href":"https:\/\/www.ffw-lauenstein.de\/index.php?rest_route=\/wp\/v2\/types\/post"}],"author":[{"embeddable":true,"href":"https:\/\/www.ffw-lauenstein.de\/index.php?rest_route=\/wp\/v2\/users\/4"}],"replies":[{"embeddable":true,"href":"https:\/\/www.ffw-lauenstein.de\/index.php?rest_route=%2Fwp%2Fv2%2Fcomments&post=4441"}],"version-history":[{"count":2,"href":"https:\/\/www.ffw-lauenstein.de\/index.php?rest_route=\/wp\/v2\/posts\/4441\/revisions"}],"predecessor-version":[{"id":4445,"href":"https:\/\/www.ffw-lauenstein.de\/index.php?rest_route=\/wp\/v2\/posts\/4441\/revisions\/4445"}],"wp:attachment":[{"href":"https:\/\/www.ffw-lauenstein.de\/index.php?rest_route=%2Fwp%2Fv2%2Fmedia&parent=4441"}],"wp:term":[{"taxonomy":"category","embeddable":true,"href":"https:\/\/www.ffw-lauenstein.de\/index.php?rest_route=%2Fwp%2Fv2%2Fcategories&post=4441"},{"taxonomy":"post_tag","embeddable":true,"href":"https:\/\/www.ffw-lauenstein.de\/index.php?rest_route=%2Fwp%2Fv2%2Ftags&post=4441"}],"curies":[{"name":"wp","href":"https:\/\/api.w.org\/{rel}","templated":true}]}}