{"id":4458,"date":"2022-08-22T09:33:00","date_gmt":"2022-08-22T07:33:00","guid":{"rendered":"https:\/\/www.ffw-lauenstein.de\/?p=4458"},"modified":"2022-08-22T09:33:00","modified_gmt":"2022-08-22T07:33:00","slug":"endlich-wieder-zeltlager","status":"publish","type":"post","link":"https:\/\/www.ffw-lauenstein.de\/?p=4458","title":{"rendered":"Endlich wieder Zeltlager"},"content":{"rendered":"<p>Die Corona Situation hat es im Sommer 2022 wieder zugelassen. Tonus gem\u00e4\u00df konnte das Gemeindejugendfeuerwehrzeltlager 2022 wie die letzten Male auch wieder im Sommercamp Otterndorf stattfinden. Nach dem sich die Jugendlichen und Betreuer der Gemeindejugendfeuerwehr Salzhemmendorf am 13.07.2022 in Oldendorf getroffen haben, wurden die Fahrzeuge besetzt und die Fahrt ins Zeltlager konnte losgehen. Eine Woche lang Spiel und Spa\u00df stand auf dem Wochenplan. Neben viel Freizeit wurden auch einige Spiele veranstaltet, um am Ende des Zeltlagers einen Lagermeister zu k\u00fcren. Am Sonntag wurde eine Camprallye durchgef\u00fchrt, um das Gel\u00e4nde besser kennen zu lernen. Au\u00dferdem stand ein Kubbturnier, Wattolympiade, Leistungsspangen \u00dcbungen und Brennball auf dem Programm. Am Freitag wurde eine gemeinsame Wanderung am Deich entlang nach Otterndorf gemacht. Hier gab es bei sonnigem Wetter ein Eis f\u00fcr alle. Auch das Abendprogramm hatte wieder einiges zu bieten: Wetten dass, Herzblatt und eine Campdisco mit allen Jugendgruppen im Camp. Bei super Verpflegung und sonnigen und warmen Wetter hatten die Jugendlichen wieder viel Freude und Spa\u00df. Eine Woche Zeltlager ging leider viel zu schnell zu Ende, aber man freut sich auf die n\u00e4chsten Aktionen in der Jugendfeuerwehr die hoffentlich trotz Corona Pandemie stattfinden k\u00f6nnen.<\/p>\n","protected":false},"excerpt":{"rendered":"<p>Die Corona Situation hat es im Sommer 2022 wieder zugelassen. Tonus gem\u00e4\u00df konnte das Gemeindejugendfeuerwehrzeltlager 2022 wie die letzten Male auch wieder im Sommercamp Otterndorf stattfinden. Nach dem sich die &hellip; <a href=\"https:\/\/www.ffw-lauenstein.de\/?p=4458\" class=\"more-link\"><span class=\"screen-reader-text\">\u201eEndlich wieder Zeltlager\u201c <\/span>weiterlesen<\/a><\/p>\n","protected":false},"author":4,"featured_media":0,"comment_status":"closed","ping_status":"open","sticky":false,"template":"","format":"standard","meta":{"ngg_post_thumbnail":0,"footnotes":""},"categories":[13],"tags":[],"class_list":["post-4458","post","type-post","status-publish","format-standard","hentry","category-sonstiges"],"_links":{"self":[{"href":"https:\/\/www.ffw-lauenstein.de\/index.php?rest_route=\/wp\/v2\/posts\/4458","targetHints":{"allow":["GET"]}}],"collection":[{"href":"https:\/\/www.ffw-lauenstein.de\/index.php?rest_route=\/wp\/v2\/posts"}],"about":[{"href":"https:\/\/www.ffw-lauenstein.de\/index.php?rest_route=\/wp\/v2\/types\/post"}],"author":[{"embeddable":true,"href":"https:\/\/www.ffw-lauenstein.de\/index.php?rest_route=\/wp\/v2\/users\/4"}],"replies":[{"embeddable":true,"href":"https:\/\/www.ffw-lauenstein.de\/index.php?rest_route=%2Fwp%2Fv2%2Fcomments&post=4458"}],"version-history":[{"count":1,"href":"https:\/\/www.ffw-lauenstein.de\/index.php?rest_route=\/wp\/v2\/posts\/4458\/revisions"}],"predecessor-version":[{"id":4459,"href":"https:\/\/www.ffw-lauenstein.de\/index.php?rest_route=\/wp\/v2\/posts\/4458\/revisions\/4459"}],"wp:attachment":[{"href":"https:\/\/www.ffw-lauenstein.de\/index.php?rest_route=%2Fwp%2Fv2%2Fmedia&parent=4458"}],"wp:term":[{"taxonomy":"category","embeddable":true,"href":"https:\/\/www.ffw-lauenstein.de\/index.php?rest_route=%2Fwp%2Fv2%2Fcategories&post=4458"},{"taxonomy":"post_tag","embeddable":true,"href":"https:\/\/www.ffw-lauenstein.de\/index.php?rest_route=%2Fwp%2Fv2%2Ftags&post=4458"}],"curies":[{"name":"wp","href":"https:\/\/api.w.org\/{rel}","templated":true}]}}