{"id":4480,"date":"2022-11-03T19:35:40","date_gmt":"2022-11-03T17:35:40","guid":{"rendered":"https:\/\/www.ffw-lauenstein.de\/?p=4480"},"modified":"2022-11-03T19:35:40","modified_gmt":"2022-11-03T17:35:40","slug":"verkehrsunfall-mit-schwerverletzten-auf-der-l425","status":"publish","type":"post","link":"https:\/\/www.ffw-lauenstein.de\/?p=4480","title":{"rendered":"Verkehrsunfall mit Schwerverletzten auf der L425"},"content":{"rendered":"<p>Am fr\u00fchen Samstagmorgen, den 22.10.2022, gegen 02:16 Uhr wurden die Feuerwehren Lauenstein, Salzhemmendorf und Oldendorf zu einem schweren Verkehrsunfall auf die L425 zwischen Lauenstein und Hemmendorf alarmiert. Auch Not\u00e4rzte aus Gronau und Bodenwerder, sowie Rettungswagen aus Hemmendorf, Gronau und Bodenwerder eilten zur Ungl\u00fccksstelle. Ein mit zwei Personen besetzter Opel Astra, der von Lauenstein in Richtung Hemmendorf fuhr, kam aus bislang ungekl\u00e4rter Ursache von der Fahrbahn ab und prallte gegen einen Baum. Die Wucht des Aufpralls war so gro\u00df, dass der Motorblock aus dem Fahrzeug gerissen wurde. Die Erstmeldung, dass mehrere Personen im Fahrzeug eingeklemmt sein sollten, best\u00e4tigte sich vor Ort gl\u00fccklicherweise nicht. Dennoch waren die Insassen aufgrund dessen, dass das Fahrzeug seitlich in einem Graben zum stehen kam, im Wrack eingeschlossen. Feuerwehrleute entfernten die Beifahrert\u00fcren und die B-S\u00e4ule, um den Not\u00e4rzten einen Zugang zu den schwer verletzten Insassen zu erm\u00f6glichen und um den Beifahrer zu befreien, der nach einer l\u00e4ngeren Behandlung im Rettungswagen, schlie\u00dflich ins Krankenhaus Gronau transportiert wurde. Um den Fahrer so schonend wie m\u00f6glich aus dem Fahrzeug zu bekommen, wurden die A und C-S\u00e4ulen entfernt und das Fahrzeugdach abgenommen. W\u00e4hrend der Rettung des Fahrers befanden sich neben dem Notarzt auch zwei Feuerwehrleute im Fahrzeug, die hauptberuflich im Rettungsdienst t\u00e4tig sind. Aufgrund des Verletzungsmusters forderte der Notarzt den nachtflugtauglichen Rettungshubschrauber \u201eChristoph Niedersachen\u201c an. In Windeseile wurde durch die Einsatzkr\u00e4fte der Feuerwehr ein Landeplatz neben der Unfallstelle errichtet und ausgeleuchtet, sodass nur wenig sp\u00e4ter der in Hannover stationierte Helikopter zur Landung ansetzen konnte. Mithilfe eines sogenannten Spineboards wurde der Fahrer schlie\u00dflich durch die ehrenamtlichen Retter aus dem Opel befreit und zusammen mit den Sanit\u00e4tern zum Hubschrauber getragen, der den Schwerstverletzten anschlie\u00dfend in ein Mindener Krankenhaus flog. Nachdem die Feuerwehrleute noch die Polizei bei der Ausleuchtung der Unfallstelle zur Spurensicherung unterst\u00fctzten und dem Bergungsunternehmen, der den v\u00f6llig zerst\u00f6rten Opel barg, halfen, konnten die Frauen und M\u00e4nner schlie\u00dflich gegen 05:00 Uhr wieder in ihre Feuerwehrh\u00e4user einr\u00fccken.<\/p>\n<p>Bericht: Gemeindefeuerwehr Salzhemmendorf <a href=\"https:\/\/gf-salzhemmendorf.de\/de\/einsaetze\/einsatz-detail\/?tx_operations_list%5Boperation%5D=284&amp;tx_operations_list%5Baction%5D=show&amp;tx_operations_list%5Bcontroller%5D=Operation&amp;cHash=e0d30af2d20dde4a154e1537112b47ff\">Einsatz-Detail | Retten, L\u00f6schen, Bergen, Sch\u00fctzen (gf-salzhemmendorf.de)<\/a><\/p>\n","protected":false},"excerpt":{"rendered":"<p>Am fr\u00fchen Samstagmorgen, den 22.10.2022, gegen 02:16 Uhr wurden die Feuerwehren Lauenstein, Salzhemmendorf und Oldendorf zu einem schweren Verkehrsunfall auf die L425 zwischen Lauenstein und Hemmendorf alarmiert. Auch Not\u00e4rzte aus &hellip; <a href=\"https:\/\/www.ffw-lauenstein.de\/?p=4480\" class=\"more-link\"><span class=\"screen-reader-text\">\u201eVerkehrsunfall mit Schwerverletzten auf der L425\u201c <\/span>weiterlesen<\/a><\/p>\n","protected":false},"author":4,"featured_media":0,"comment_status":"closed","ping_status":"open","sticky":false,"template":"","format":"standard","meta":{"ngg_post_thumbnail":0,"footnotes":""},"categories":[1],"tags":[],"class_list":["post-4480","post","type-post","status-publish","format-standard","hentry","category-veranstaltungen"],"_links":{"self":[{"href":"https:\/\/www.ffw-lauenstein.de\/index.php?rest_route=\/wp\/v2\/posts\/4480","targetHints":{"allow":["GET"]}}],"collection":[{"href":"https:\/\/www.ffw-lauenstein.de\/index.php?rest_route=\/wp\/v2\/posts"}],"about":[{"href":"https:\/\/www.ffw-lauenstein.de\/index.php?rest_route=\/wp\/v2\/types\/post"}],"author":[{"embeddable":true,"href":"https:\/\/www.ffw-lauenstein.de\/index.php?rest_route=\/wp\/v2\/users\/4"}],"replies":[{"embeddable":true,"href":"https:\/\/www.ffw-lauenstein.de\/index.php?rest_route=%2Fwp%2Fv2%2Fcomments&post=4480"}],"version-history":[{"count":1,"href":"https:\/\/www.ffw-lauenstein.de\/index.php?rest_route=\/wp\/v2\/posts\/4480\/revisions"}],"predecessor-version":[{"id":4481,"href":"https:\/\/www.ffw-lauenstein.de\/index.php?rest_route=\/wp\/v2\/posts\/4480\/revisions\/4481"}],"wp:attachment":[{"href":"https:\/\/www.ffw-lauenstein.de\/index.php?rest_route=%2Fwp%2Fv2%2Fmedia&parent=4480"}],"wp:term":[{"taxonomy":"category","embeddable":true,"href":"https:\/\/www.ffw-lauenstein.de\/index.php?rest_route=%2Fwp%2Fv2%2Fcategories&post=4480"},{"taxonomy":"post_tag","embeddable":true,"href":"https:\/\/www.ffw-lauenstein.de\/index.php?rest_route=%2Fwp%2Fv2%2Ftags&post=4480"}],"curies":[{"name":"wp","href":"https:\/\/api.w.org\/{rel}","templated":true}]}}