{"id":4485,"date":"2022-11-14T20:44:33","date_gmt":"2022-11-14T18:44:33","guid":{"rendered":"https:\/\/www.ffw-lauenstein.de\/?p=4485"},"modified":"2022-11-14T20:44:33","modified_gmt":"2022-11-14T18:44:33","slug":"feuerwehrhaus-bekommt-neues-garagentor","status":"publish","type":"post","link":"https:\/\/www.ffw-lauenstein.de\/?p=4485","title":{"rendered":"Feuerwehrhaus bekommt neues Garagentor"},"content":{"rendered":"<p>Am Feuerwehrhaus in Lauenstein wurden einige Renovierungsarbeiten durchgef\u00fchrt. Bevor diese stattfanden haben einige Kameraden bei einem Arbeitseinsatz das Feuerwehrhaus aufger\u00e4umt und teilweise umger\u00e4umt. Danach wurde durch eine Fachfirma ein neues Garagentor f\u00fcr die LF 10\/6 Halle eingebaut. Dieses Tor ist ein elektrisches Selektionstor mit einer T\u00fcr. Auch bei Stromausf\u00e4llen kann man das Tor manuell \u00fcber eine extra Einrichtung \u00f6ffnen und schlie\u00dfen. Weitere Bauma\u00dfnahmen sind geplant.<\/p>\n<p><a href=\"https:\/\/www.ffw-lauenstein.de\/?attachment_id=4487\" rel=\"attachment wp-att-4487\"><img loading=\"lazy\" decoding=\"async\" class=\"alignnone size-large wp-image-4487\" src=\"https:\/\/www.ffw-lauenstein.de\/wp-content\/uploads\/2022\/11\/IMG_20221114_164336-1200x675.jpg\" alt=\"\" width=\"840\" height=\"473\" srcset=\"https:\/\/www.ffw-lauenstein.de\/wp-content\/uploads\/2022\/11\/IMG_20221114_164336-1200x675.jpg 1200w, https:\/\/www.ffw-lauenstein.de\/wp-content\/uploads\/2022\/11\/IMG_20221114_164336-850x478.jpg 850w, https:\/\/www.ffw-lauenstein.de\/wp-content\/uploads\/2022\/11\/IMG_20221114_164336-250x141.jpg 250w\" sizes=\"auto, (max-width: 709px) 85vw, (max-width: 909px) 67vw, (max-width: 1362px) 62vw, 840px\" \/><\/a><\/p>\n","protected":false},"excerpt":{"rendered":"<p>Am Feuerwehrhaus in Lauenstein wurden einige Renovierungsarbeiten durchgef\u00fchrt. Bevor diese stattfanden haben einige Kameraden bei einem Arbeitseinsatz das Feuerwehrhaus aufger\u00e4umt und teilweise umger\u00e4umt. Danach wurde durch eine Fachfirma ein neues &hellip; <a href=\"https:\/\/www.ffw-lauenstein.de\/?p=4485\" class=\"more-link\"><span class=\"screen-reader-text\">\u201eFeuerwehrhaus bekommt neues Garagentor\u201c <\/span>weiterlesen<\/a><\/p>\n","protected":false},"author":4,"featured_media":0,"comment_status":"closed","ping_status":"open","sticky":false,"template":"","format":"standard","meta":{"ngg_post_thumbnail":0,"footnotes":""},"categories":[13],"tags":[],"class_list":["post-4485","post","type-post","status-publish","format-standard","hentry","category-sonstiges"],"_links":{"self":[{"href":"https:\/\/www.ffw-lauenstein.de\/index.php?rest_route=\/wp\/v2\/posts\/4485","targetHints":{"allow":["GET"]}}],"collection":[{"href":"https:\/\/www.ffw-lauenstein.de\/index.php?rest_route=\/wp\/v2\/posts"}],"about":[{"href":"https:\/\/www.ffw-lauenstein.de\/index.php?rest_route=\/wp\/v2\/types\/post"}],"author":[{"embeddable":true,"href":"https:\/\/www.ffw-lauenstein.de\/index.php?rest_route=\/wp\/v2\/users\/4"}],"replies":[{"embeddable":true,"href":"https:\/\/www.ffw-lauenstein.de\/index.php?rest_route=%2Fwp%2Fv2%2Fcomments&post=4485"}],"version-history":[{"count":1,"href":"https:\/\/www.ffw-lauenstein.de\/index.php?rest_route=\/wp\/v2\/posts\/4485\/revisions"}],"predecessor-version":[{"id":4488,"href":"https:\/\/www.ffw-lauenstein.de\/index.php?rest_route=\/wp\/v2\/posts\/4485\/revisions\/4488"}],"wp:attachment":[{"href":"https:\/\/www.ffw-lauenstein.de\/index.php?rest_route=%2Fwp%2Fv2%2Fmedia&parent=4485"}],"wp:term":[{"taxonomy":"category","embeddable":true,"href":"https:\/\/www.ffw-lauenstein.de\/index.php?rest_route=%2Fwp%2Fv2%2Fcategories&post=4485"},{"taxonomy":"post_tag","embeddable":true,"href":"https:\/\/www.ffw-lauenstein.de\/index.php?rest_route=%2Fwp%2Fv2%2Ftags&post=4485"}],"curies":[{"name":"wp","href":"https:\/\/api.w.org\/{rel}","templated":true}]}}