{"id":4500,"date":"2022-11-25T11:11:09","date_gmt":"2022-11-25T09:11:09","guid":{"rendered":"https:\/\/www.ffw-lauenstein.de\/?p=4500"},"modified":"2022-11-25T11:11:09","modified_gmt":"2022-11-25T09:11:09","slug":"jahresabschlussbesprechung-vom-3-zug","status":"publish","type":"post","link":"https:\/\/www.ffw-lauenstein.de\/?p=4500","title":{"rendered":"Jahresabschlussbesprechung vom 3. Zug"},"content":{"rendered":"<p>Auf Grund der Corona Pandemie wurde die Jahresabschlussbesprechung immer wieder verlegt. Aber in diesem Jahr konnte der Zugf\u00fchrer Jens Brock die Kameradinnen und Kameraden vom 3. Zug der KFB-Ost zur Jahresabschlussbesprechung einladen, welche er zum ersten Mal in seiner Funktion geleitet hat. Diese fand am Samstag den 19.11.2022 im Feuerwehrhaus Lauenstein statt. Zugf\u00fchrer Jens Brock berichtete aus den vergangen Jahren, wobei er aus dem Jahr 2020 nicht viel zu berichten hatte. Auf Grund des neuartigen Corona Virus und der Sicherstellung der Einsatzbereitschaft wurden alle Zug- und Kreisbereitschafts\u00fcbungen abgesagt. Dieser Trend zog sich auch Anfang 2021 fort. Daraufhin hatten Jens und sein Stellvertreter Sascha die Idee einen Onlinedienst durchzuf\u00fchren. Dieser wurde von den Kameraden auch gut angenommen. Im September konnte dann endlich mal eine Zug\u00fcbung im Bereich Oldendorf\/Ahrenfeld durchgef\u00fchrt werden. Ende des Jahres hat Jens Brock die Zugf\u00fchrung von Hubert Brock \u00fcbernommen. Hubert wurde in einer kleinen Feierlichkeit von der Kreisfeuerwehr als Zugf\u00fchrer verabschiedet. Sascha J\u00fcrgens wurde zum Stellvertreter ernannt. Im Jahr 2022 fand nach langer Zeit eine Kreisbereitschafts\u00fcbung im Bereich Latferde statt. Gemeinsam mit der KFB-West haben die Kameradinnen und Kameraden mehrere Kilometer Schl\u00e4uche verlegt. Als Wasserentnahmestelle diente die Weser. Im September wurde dann eine St\u00fctzpunkt\u00fcbung in Salzhemmendorf durchgef\u00fchrt. Auch hier wurde der 3. Zug alarmiert um eine lange Wegstrecke von der Saale zum Schwimmbad aufzubauen. Im Anschluss der \u00dcbung wurde Hubert Brock auch von seinen Kameradinnen und Kameraden als Zugf\u00fchrer mit einem Video und Pr\u00e4senten verabschiedet. Insgesamt verlegte der 3. Zug der KFB-Ost in den letzten zwei Jahren bei \u00dcbungen \u00fcber 4000m B-Schl\u00e4uche. Jens Brock bedankte sich im Anschluss der Jahresabschlussbesprechung bei den Kameradinnen und Kameraden f\u00fcr die geleistete Arbeit und die Einsatzbereitschaft. Der Klimawandel und deren Folgen zeigt uns auf, wie schnell man auch in Katastrophengebiete geordert werden kann. Stolz ist er auf die Kameradinnen und Kameraden auch, das trotz der wenigen \u00dcbungen in den letzten paar Jahren, nichts verlernt wurde und auch die neuen Feuerwehrmitglieder, welche teilweise zum ersten Mal bei \u00dcbungen dabei waren, von den Erfahrenen Kameraden in die Aufgaben eingewiesen wurden. Auch Gemeindebrandmeister Rolf Schmidt bedanke sich im Anschluss f\u00fcr die geleistete Arbeit. Nach dem offiziellen Teil gab es im Feuerwehrhaus Lauenstein Gulasch mit Sp\u00e4tzle und ein gem\u00fctliches Beisammen sitzen.<\/p>\n","protected":false},"excerpt":{"rendered":"<p>Auf Grund der Corona Pandemie wurde die Jahresabschlussbesprechung immer wieder verlegt. Aber in diesem Jahr konnte der Zugf\u00fchrer Jens Brock die Kameradinnen und Kameraden vom 3. Zug der KFB-Ost zur &hellip; <a href=\"https:\/\/www.ffw-lauenstein.de\/?p=4500\" class=\"more-link\"><span class=\"screen-reader-text\">\u201eJahresabschlussbesprechung vom 3. Zug\u201c <\/span>weiterlesen<\/a><\/p>\n","protected":false},"author":4,"featured_media":0,"comment_status":"closed","ping_status":"open","sticky":false,"template":"","format":"standard","meta":{"ngg_post_thumbnail":0,"footnotes":""},"categories":[13],"tags":[],"class_list":["post-4500","post","type-post","status-publish","format-standard","hentry","category-sonstiges"],"_links":{"self":[{"href":"https:\/\/www.ffw-lauenstein.de\/index.php?rest_route=\/wp\/v2\/posts\/4500","targetHints":{"allow":["GET"]}}],"collection":[{"href":"https:\/\/www.ffw-lauenstein.de\/index.php?rest_route=\/wp\/v2\/posts"}],"about":[{"href":"https:\/\/www.ffw-lauenstein.de\/index.php?rest_route=\/wp\/v2\/types\/post"}],"author":[{"embeddable":true,"href":"https:\/\/www.ffw-lauenstein.de\/index.php?rest_route=\/wp\/v2\/users\/4"}],"replies":[{"embeddable":true,"href":"https:\/\/www.ffw-lauenstein.de\/index.php?rest_route=%2Fwp%2Fv2%2Fcomments&post=4500"}],"version-history":[{"count":1,"href":"https:\/\/www.ffw-lauenstein.de\/index.php?rest_route=\/wp\/v2\/posts\/4500\/revisions"}],"predecessor-version":[{"id":4501,"href":"https:\/\/www.ffw-lauenstein.de\/index.php?rest_route=\/wp\/v2\/posts\/4500\/revisions\/4501"}],"wp:attachment":[{"href":"https:\/\/www.ffw-lauenstein.de\/index.php?rest_route=%2Fwp%2Fv2%2Fmedia&parent=4500"}],"wp:term":[{"taxonomy":"category","embeddable":true,"href":"https:\/\/www.ffw-lauenstein.de\/index.php?rest_route=%2Fwp%2Fv2%2Fcategories&post=4500"},{"taxonomy":"post_tag","embeddable":true,"href":"https:\/\/www.ffw-lauenstein.de\/index.php?rest_route=%2Fwp%2Fv2%2Ftags&post=4500"}],"curies":[{"name":"wp","href":"https:\/\/api.w.org\/{rel}","templated":true}]}}