{"id":4547,"date":"2023-01-24T19:01:51","date_gmt":"2023-01-24T17:01:51","guid":{"rendered":"https:\/\/www.ffw-lauenstein.de\/?p=4547"},"modified":"2023-01-24T19:01:51","modified_gmt":"2023-01-24T17:01:51","slug":"jahreshauptversammlung-freiwillige-feuerwehr-lauenstein-2023","status":"publish","type":"post","link":"https:\/\/www.ffw-lauenstein.de\/?p=4547","title":{"rendered":"Jahreshauptversammlung Freiwillige Feuerwehr Lauenstein 2023"},"content":{"rendered":"<p>Am Samstag, den 21.01.2023, fand in der Mehrzweckhalle in Lauenstein die j\u00e4hrliche Jahreshauptversammlung der Freiwilligen Feuerwehr Lauenstein statt. Nachdem Ortsbrandmeister Hubert Brock die G\u00e4ste begr\u00fc\u00dft hatte, gab es erst einmal ein gemeinsames Vesper, welches die K\u00fcche des Naturfreundehauses zubereitet hatte. Die Brandsch\u00fctzer lie\u00dfen das ereignisreiche Jahr 2022 noch einmal Revue passieren. So konnte der stellvertretende Ortsbrandmeister Matthias Kutz berichten, dass die 37 Feuerwehrfrauen und M\u00e4nner der Einsatzabteilung insgesamt 31-mal zu Eins\u00e4tzen ausr\u00fccken mussten und \u00fcber 3519 Dienststunden geleistet haben. Damit die Einsatzkr\u00e4fte etwas entlastet werden, haben sich die Feuerwehrmitglieder dazu entschieden ab 2024 kein Altpapier mehr im Ort zu sammeln. Dieses wurde bereits mit der KAW abgestimmt und es wird ab dem n\u00e4chsten Jahr die blaue Altpapiertonne geben. Nicht zuletzt haben sich Altpapier und Veranstaltungen immer wieder \u00fcberschnitten, so das die Mitglieder ihre freien Wochenenden meist bei der Feuerwehr verbrachten anstatt Zeit f\u00fcr ihre Familien zu haben. Auch der Jugendspielmannszug hatte vergangenes Jahr Grund zur Freude, denn sie konnten ihr 50-j\u00e4hriges Jubil\u00e4um feiern. Mit 29 Mitgliedern ist der Jugendspielmannszug gut aufgestellt, dennoch w\u00e4re jeder, der Lust hat zu musizieren herzlich willkommen. Mit \u00fcber 103 Dienststunden waren auch die sieben kleinsten Brandsch\u00fctzer der Kinderfeuerwehr sehr aktiv. Die Jugendfeuerwehr hat mit \u00fcber 2981 Dienststunden ebenfalls ein sehr ereignisreiches Jahr hinter sich. Absolutes Highlight waren f\u00fcr die 10 Jugendlichen nat\u00fcrlich das Zeltlager in Otterndorf. Die zehn Einsatzkr\u00e4fte des Strahlsp\u00fcr-Messtrupps kamen im Jahr 2022 auf 386 Dienststunden. Die 13 Mitglieder der Altersabteilung werden dieses Jahr ein besonderes Ereignis feiern, denn einer ihrer Kameraden wird sein 90. Lebensjahr feiern und ist noch immer bei jeder Veranstaltung mit von der Partie. Insgesamt kommt die Freiwillige Feuerwehr Lauenstein auf eine Mitgliederzahl von 422. Auch einige Wahlen standen auf der Tagesordnung, so hat Lukas Keilhoff die Nachfolge der ausscheidenden Schriftf\u00fchrerin Marielies Wiechmann angetreten sowie Thomas Schuler, der das Amt des Kassenpr\u00fcfers von Heiko D\u00f6rtmund \u00fcbernimmt. Auch einige Ehrungen und Bef\u00f6rderungen waren ein Teil der Jahreshauptversammlung. So wurde Patrick Gr\u00fctz zum L\u00f6schmeister bef\u00f6rdert. Marielies Wiechmann ist zur Hauptfeuerwehrfrau und Kai Fahrenkamp zum 1. Hauptfeuerwehrmann aufgestiegen. Das Deutsche Feuerwehr-Fitnessabzeichen in den Bereichen Kraft, Ausdauer und Koordination wurde Jens Brock in Gold und Lukas Keilhoff in Silber verliehen. Ebenso haben beide Kameraden das Deutsche Sportabzeichen in Gold verliehen bekommen. Sehr still wurde es, als Matthias Kutz aus beruflichen Gr\u00fcnden, nach \u00fcber zehn Jahren, die Niederlegung seines Amtes als stellvertretenden Ortsbrandmeister bekannt gab. Am selben Abend wurde in einer geheimen Wahl Jens Brock als Nachfolger gew\u00e4hlt.<\/p>\n<p>Bericht: Gemeindefeuerwehr Salzhemmendorf<\/p>\n<p><a href=\"https:\/\/www.ffw-lauenstein.de\/?attachment_id=4548\" rel=\"attachment wp-att-4548\"><img loading=\"lazy\" decoding=\"async\" class=\"alignnone size-full wp-image-4548\" src=\"https:\/\/www.ffw-lauenstein.de\/wp-content\/uploads\/2023\/01\/csm_jhv1_d57baf2450.jpeg\" alt=\"\" width=\"800\" height=\"600\" srcset=\"https:\/\/www.ffw-lauenstein.de\/wp-content\/uploads\/2023\/01\/csm_jhv1_d57baf2450.jpeg 800w, https:\/\/www.ffw-lauenstein.de\/wp-content\/uploads\/2023\/01\/csm_jhv1_d57baf2450-768x576.jpeg 768w\" sizes=\"auto, (max-width: 709px) 85vw, (max-width: 909px) 67vw, (max-width: 984px) 61vw, (max-width: 1362px) 45vw, 600px\" \/><\/a> <a href=\"https:\/\/www.ffw-lauenstein.de\/?attachment_id=4549\" rel=\"attachment wp-att-4549\"><img loading=\"lazy\" decoding=\"async\" class=\"alignnone size-large wp-image-4549\" src=\"https:\/\/www.ffw-lauenstein.de\/wp-content\/uploads\/2023\/01\/csm_jhv2_7e8b3fcb86.jpeg\" alt=\"\" width=\"800\" height=\"484\" srcset=\"https:\/\/www.ffw-lauenstein.de\/wp-content\/uploads\/2023\/01\/csm_jhv2_7e8b3fcb86.jpeg 800w, https:\/\/www.ffw-lauenstein.de\/wp-content\/uploads\/2023\/01\/csm_jhv2_7e8b3fcb86-768x465.jpeg 768w\" sizes=\"auto, (max-width: 709px) 85vw, (max-width: 909px) 67vw, (max-width: 984px) 61vw, (max-width: 1362px) 45vw, 600px\" \/><\/a><\/p>\n","protected":false},"excerpt":{"rendered":"<p>Am Samstag, den 21.01.2023, fand in der Mehrzweckhalle in Lauenstein die j\u00e4hrliche Jahreshauptversammlung der Freiwilligen Feuerwehr Lauenstein statt. Nachdem Ortsbrandmeister Hubert Brock die G\u00e4ste begr\u00fc\u00dft hatte, gab es erst einmal &hellip; <a href=\"https:\/\/www.ffw-lauenstein.de\/?p=4547\" class=\"more-link\"><span class=\"screen-reader-text\">\u201eJahreshauptversammlung Freiwillige Feuerwehr Lauenstein 2023\u201c <\/span>weiterlesen<\/a><\/p>\n","protected":false},"author":4,"featured_media":0,"comment_status":"closed","ping_status":"open","sticky":false,"template":"","format":"standard","meta":{"ngg_post_thumbnail":0,"footnotes":""},"categories":[11],"tags":[],"class_list":["post-4547","post","type-post","status-publish","format-standard","hentry","category-presseberichte-allgmein"],"_links":{"self":[{"href":"https:\/\/www.ffw-lauenstein.de\/index.php?rest_route=\/wp\/v2\/posts\/4547","targetHints":{"allow":["GET"]}}],"collection":[{"href":"https:\/\/www.ffw-lauenstein.de\/index.php?rest_route=\/wp\/v2\/posts"}],"about":[{"href":"https:\/\/www.ffw-lauenstein.de\/index.php?rest_route=\/wp\/v2\/types\/post"}],"author":[{"embeddable":true,"href":"https:\/\/www.ffw-lauenstein.de\/index.php?rest_route=\/wp\/v2\/users\/4"}],"replies":[{"embeddable":true,"href":"https:\/\/www.ffw-lauenstein.de\/index.php?rest_route=%2Fwp%2Fv2%2Fcomments&post=4547"}],"version-history":[{"count":1,"href":"https:\/\/www.ffw-lauenstein.de\/index.php?rest_route=\/wp\/v2\/posts\/4547\/revisions"}],"predecessor-version":[{"id":4550,"href":"https:\/\/www.ffw-lauenstein.de\/index.php?rest_route=\/wp\/v2\/posts\/4547\/revisions\/4550"}],"wp:attachment":[{"href":"https:\/\/www.ffw-lauenstein.de\/index.php?rest_route=%2Fwp%2Fv2%2Fmedia&parent=4547"}],"wp:term":[{"taxonomy":"category","embeddable":true,"href":"https:\/\/www.ffw-lauenstein.de\/index.php?rest_route=%2Fwp%2Fv2%2Fcategories&post=4547"},{"taxonomy":"post_tag","embeddable":true,"href":"https:\/\/www.ffw-lauenstein.de\/index.php?rest_route=%2Fwp%2Fv2%2Ftags&post=4547"}],"curies":[{"name":"wp","href":"https:\/\/api.w.org\/{rel}","templated":true}]}}