{"id":4565,"date":"2023-02-12T15:28:44","date_gmt":"2023-02-12T13:28:44","guid":{"rendered":"https:\/\/www.ffw-lauenstein.de\/?p=4565"},"modified":"2023-02-12T15:28:44","modified_gmt":"2023-02-12T13:28:44","slug":"zwei-oelspuren-beschaeftigen-lauensteiner-feuerwehrleute","status":"publish","type":"post","link":"https:\/\/www.ffw-lauenstein.de\/?p=4565","title":{"rendered":"Zwei \u00d6lspuren besch\u00e4ftigen Lauensteiner Feuerwehrleute"},"content":{"rendered":"<p>Am Samstag den 11.02.2023 haben zwei \u00d6lspuren die Feuerwehrleute in Lauenstein auf Trapp gehalten. Die erste Alarmierung war um 11:33 Uhr. Zun\u00e4chst war eine \u00d6lspur im Vogelsang Richtung Naturfreundehaus gemeldet. Nach der Erkundung stellte sich jedoch heraus das weitere Stra\u00dfenz\u00fcge mit einer Dieselspur verunreinigt wurden. Die &#8222;Umweltsch\u00fctzer&#8220; haben die lange Dieselspur mit Bakterien beseitigt und die Stra\u00dfen freigegeben. Ca. 6h sp\u00e4ter um 17:03 Uhr wurden die Lauensteiner Feuerwehrleute wieder zu einer \u00d6lspur alarmiert. Auch diesmal waren mehrere Stra\u00dfenz\u00fcge betroffen. Merkw\u00fcrdigt dabei, war auch das fast die selben Stra\u00dfen verunreinigt waren. Nach einer weiteren Erkundung konnte auch ein Verursacher fest gestellt werden. Vermutlich war dieser auch der Verursacher f\u00fcr die erste \u00d6lspur am Vormittag. Nach dem auch diese Dieselspur mit Bakterien beseitigt worden ist wurde die Einsatzstelle der Polizei \u00fcbergeben. Zusammen mit den Lauensteiner Kameraden waren auch die Wallenser Brandsch\u00fctzer bei einer \u00d6lspur im Einsatz. Am Vormittag waren auch noch andere Ortsfeuerwehren im Gemeindegebiet bei \u00d6lspuren im Einsatz. Ob die verschiedenen \u00d6lspuren zusammen h\u00e4ngen, kann abschlie\u00dfend nicht gesagt werden.&nbsp;<\/p>\n<p><a href=\"https:\/\/www.ffw-lauenstein.de\/?attachment_id=4566\" rel=\"attachment wp-att-4566\"><img loading=\"lazy\" decoding=\"async\" class=\"alignnone size-large wp-image-4566\" src=\"https:\/\/www.ffw-lauenstein.de\/wp-content\/uploads\/2023\/02\/b3-768x675.jpg\" alt=\"\" width=\"768\" height=\"675\"><\/a><\/p>\n","protected":false},"excerpt":{"rendered":"<p>Am Samstag den 11.02.2023 haben zwei \u00d6lspuren die Feuerwehrleute in Lauenstein auf Trapp gehalten. Die erste Alarmierung war um 11:33 Uhr. Zun\u00e4chst war eine \u00d6lspur im Vogelsang Richtung Naturfreundehaus gemeldet. &hellip; <a href=\"https:\/\/www.ffw-lauenstein.de\/?p=4565\" class=\"more-link\"><span class=\"screen-reader-text\">\u201eZwei \u00d6lspuren besch\u00e4ftigen Lauensteiner Feuerwehrleute\u201c <\/span>weiterlesen<\/a><\/p>\n","protected":false},"author":4,"featured_media":0,"comment_status":"closed","ping_status":"open","sticky":false,"template":"","format":"standard","meta":{"ngg_post_thumbnail":0,"footnotes":""},"categories":[31],"tags":[],"class_list":["post-4565","post","type-post","status-publish","format-standard","hentry","category-einsaetze-2023"],"_links":{"self":[{"href":"https:\/\/www.ffw-lauenstein.de\/index.php?rest_route=\/wp\/v2\/posts\/4565","targetHints":{"allow":["GET"]}}],"collection":[{"href":"https:\/\/www.ffw-lauenstein.de\/index.php?rest_route=\/wp\/v2\/posts"}],"about":[{"href":"https:\/\/www.ffw-lauenstein.de\/index.php?rest_route=\/wp\/v2\/types\/post"}],"author":[{"embeddable":true,"href":"https:\/\/www.ffw-lauenstein.de\/index.php?rest_route=\/wp\/v2\/users\/4"}],"replies":[{"embeddable":true,"href":"https:\/\/www.ffw-lauenstein.de\/index.php?rest_route=%2Fwp%2Fv2%2Fcomments&post=4565"}],"version-history":[{"count":1,"href":"https:\/\/www.ffw-lauenstein.de\/index.php?rest_route=\/wp\/v2\/posts\/4565\/revisions"}],"predecessor-version":[{"id":4567,"href":"https:\/\/www.ffw-lauenstein.de\/index.php?rest_route=\/wp\/v2\/posts\/4565\/revisions\/4567"}],"wp:attachment":[{"href":"https:\/\/www.ffw-lauenstein.de\/index.php?rest_route=%2Fwp%2Fv2%2Fmedia&parent=4565"}],"wp:term":[{"taxonomy":"category","embeddable":true,"href":"https:\/\/www.ffw-lauenstein.de\/index.php?rest_route=%2Fwp%2Fv2%2Fcategories&post=4565"},{"taxonomy":"post_tag","embeddable":true,"href":"https:\/\/www.ffw-lauenstein.de\/index.php?rest_route=%2Fwp%2Fv2%2Ftags&post=4565"}],"curies":[{"name":"wp","href":"https:\/\/api.w.org\/{rel}","templated":true}]}}