{"id":4572,"date":"2023-03-27T16:13:35","date_gmt":"2023-03-27T14:13:35","guid":{"rendered":"https:\/\/www.ffw-lauenstein.de\/?p=4572"},"modified":"2023-03-27T16:13:35","modified_gmt":"2023-03-27T14:13:35","slug":"gelungener-kinderkarneval-in-der-mehrzweckhalle-lauenstein","status":"publish","type":"post","link":"https:\/\/www.ffw-lauenstein.de\/?p=4572","title":{"rendered":"Gelungener Kinderkarneval in der Mehrzweckhalle Lauenstein"},"content":{"rendered":"<p>Am&nbsp; Sonntag den 26.02.2023 hatten die Kinder in der Lauensteiner Mehrzweckhalle das Sagen. \u00dcber Wochen waren alle Abteilungen der Freiwilligen Feuerwehr Lauenstein mit den Vorbereitungen f\u00fcr den Kinderkarneval besch\u00e4ftigt. Die Einsatzabteilung, Jugendfeuerwehr, Kinderfeuerwehr sowie der Jugendspielmannszug haben viel Zeit investiert, um den Kids einen unvergesslichen Tag zu bereiten. Dieses ist den Ehrenamtlichen auch im vollen Umfang gelungen. Ganz nach dem Motto \u201eKinder an die Macht\u201c standen die Kleinsten im Mittelpunkt der Veranstaltung. Mit den Darbietungen des Jugendspielmannszuges und der Band \u201eHappy Connections\u201c wurde der Kinderkarneval zu einem vollen Erfolg.<\/p>\n<p><a href=\"https:\/\/www.ffw-lauenstein.de\/?attachment_id=4573\" rel=\"attachment wp-att-4573\"><img loading=\"lazy\" decoding=\"async\" class=\"alignnone size-full wp-image-4573\" src=\"https:\/\/www.ffw-lauenstein.de\/wp-content\/uploads\/2023\/03\/csm_Screenshot_20230301_181928_Facebook_0d750c94b5.jpg\" alt=\"\" width=\"466\" height=\"600\"><\/a> <a href=\"https:\/\/www.ffw-lauenstein.de\/?attachment_id=4574\" rel=\"attachment wp-att-4574\"><img loading=\"lazy\" decoding=\"async\" class=\"alignnone size-large wp-image-4574\" src=\"https:\/\/www.ffw-lauenstein.de\/wp-content\/uploads\/2023\/03\/csm_Screenshot_20230301_181948_Facebook_76c9d56045.jpg\" alt=\"\" width=\"477\" height=\"600\"><\/a> <a href=\"https:\/\/www.ffw-lauenstein.de\/?attachment_id=4575\" rel=\"attachment wp-att-4575\"><img loading=\"lazy\" decoding=\"async\" class=\"alignnone size-large wp-image-4575\" src=\"https:\/\/www.ffw-lauenstein.de\/wp-content\/uploads\/2023\/03\/csm_Screenshot_20230301_182048_Facebook_104523258e.jpg\" alt=\"\" width=\"471\" height=\"600\"><\/a> <a href=\"https:\/\/www.ffw-lauenstein.de\/?attachment_id=4576\" rel=\"attachment wp-att-4576\"><img loading=\"lazy\" decoding=\"async\" class=\"alignnone size-large wp-image-4576\" src=\"https:\/\/www.ffw-lauenstein.de\/wp-content\/uploads\/2023\/03\/csm_Screenshot_20230301_182154_Facebook_2d2d6d08cd.jpg\" alt=\"\" width=\"482\" height=\"600\"><\/a><\/p>\n","protected":false},"excerpt":{"rendered":"<p>Am&nbsp; Sonntag den 26.02.2023 hatten die Kinder in der Lauensteiner Mehrzweckhalle das Sagen. \u00dcber Wochen waren alle Abteilungen der Freiwilligen Feuerwehr Lauenstein mit den Vorbereitungen f\u00fcr den Kinderkarneval besch\u00e4ftigt. Die &hellip; <a href=\"https:\/\/www.ffw-lauenstein.de\/?p=4572\" class=\"more-link\"><span class=\"screen-reader-text\">\u201eGelungener Kinderkarneval in der Mehrzweckhalle Lauenstein\u201c <\/span>weiterlesen<\/a><\/p>\n","protected":false},"author":4,"featured_media":0,"comment_status":"closed","ping_status":"open","sticky":false,"template":"","format":"standard","meta":{"ngg_post_thumbnail":0,"footnotes":""},"categories":[1],"tags":[],"class_list":["post-4572","post","type-post","status-publish","format-standard","hentry","category-veranstaltungen"],"_links":{"self":[{"href":"https:\/\/www.ffw-lauenstein.de\/index.php?rest_route=\/wp\/v2\/posts\/4572","targetHints":{"allow":["GET"]}}],"collection":[{"href":"https:\/\/www.ffw-lauenstein.de\/index.php?rest_route=\/wp\/v2\/posts"}],"about":[{"href":"https:\/\/www.ffw-lauenstein.de\/index.php?rest_route=\/wp\/v2\/types\/post"}],"author":[{"embeddable":true,"href":"https:\/\/www.ffw-lauenstein.de\/index.php?rest_route=\/wp\/v2\/users\/4"}],"replies":[{"embeddable":true,"href":"https:\/\/www.ffw-lauenstein.de\/index.php?rest_route=%2Fwp%2Fv2%2Fcomments&post=4572"}],"version-history":[{"count":1,"href":"https:\/\/www.ffw-lauenstein.de\/index.php?rest_route=\/wp\/v2\/posts\/4572\/revisions"}],"predecessor-version":[{"id":4577,"href":"https:\/\/www.ffw-lauenstein.de\/index.php?rest_route=\/wp\/v2\/posts\/4572\/revisions\/4577"}],"wp:attachment":[{"href":"https:\/\/www.ffw-lauenstein.de\/index.php?rest_route=%2Fwp%2Fv2%2Fmedia&parent=4572"}],"wp:term":[{"taxonomy":"category","embeddable":true,"href":"https:\/\/www.ffw-lauenstein.de\/index.php?rest_route=%2Fwp%2Fv2%2Fcategories&post=4572"},{"taxonomy":"post_tag","embeddable":true,"href":"https:\/\/www.ffw-lauenstein.de\/index.php?rest_route=%2Fwp%2Fv2%2Ftags&post=4572"}],"curies":[{"name":"wp","href":"https:\/\/api.w.org\/{rel}","templated":true}]}}