{"id":4578,"date":"2023-03-27T16:18:17","date_gmt":"2023-03-27T14:18:17","guid":{"rendered":"https:\/\/www.ffw-lauenstein.de\/?p=4578"},"modified":"2023-03-27T16:19:01","modified_gmt":"2023-03-27T14:19:01","slug":"4578","status":"publish","type":"post","link":"https:\/\/www.ffw-lauenstein.de\/?p=4578","title":{"rendered":"Gemeindefeuerwehrtag 2023"},"content":{"rendered":"<p>Am 04.03.2023 fand in der Lauensteiner Mehrzweckhalle der Gemeindefeuerwehrtag statt. Dieser wurde einst vom Ehrengemeindebrandmeister Erwin Hennemann ins Leben gerufen und ist ein Dankesch\u00f6n an alle Ehefrauen und Ehem\u00e4nner\/Partnerinnen und Partnern der aktiven Feuerwehrleute. Besonders im vergangenen Jahr waren sie es, die oft auf ihre Liebsten verzichten mussten. Feuerwehrleute werden oft als Helden oder Engel bezeichnet, doch sind es die Angeh\u00f6rigen der Einsatzkr\u00e4fte, die die stillen Helden sind. Denn sie sind es, die ihren Partnern nach schwerk\u00f6rperlichen oder sehr emotionalen Eins\u00e4tzen neue Kraft geben, um weiter zu machen. Auch die kommunalen Politiker wollten ihren Respekt, den Feuerwehrleuten gegen\u00fcber, nicht immer nur mit Worten zum Ausdruck bringen, so hatten sie sich dazu entschieden an diesem Abend den Thekendienst zu \u00fcbernehmen und die feierenden zu bewirten. Gemeindeb\u00fcrgermeister Clemens Pommerening dankte den Feuerwehrleuten f\u00fcr ihren Einsatz in diesem Ehrenamt und ist stolz darauf, wie gut der Zusammenhalt unter den Kameradinnen und Kameraden ist. Auch das in der vergangenen Zeit viele Anschaffungen, wie beispielsweise das neue Tankl\u00f6schfahrzeug und das L\u00f6schgruppenfahrzeug f\u00fcr Wallensen get\u00e4tigt wurden oder das demn\u00e4chst, das neue Tragkraftspritzenfahrzeug f\u00fcr die Feuerwehr Th\u00fcste eintreffen wird, zeigt, das es in die richtige Richtung geht um die Feuerwehren in der Gemeinde auf den aktuellen Stand zu halten. Ebenfalls wird es in ein paar Wochen soweit sein das die Feuerwehren Osterwald, Benstorf und Oldendorf in ihr neues Gemeinschaftsfeuerwehrhaus einziehen. Hubert Brock wurde f\u00fcr seine Verdienste im Arbeits-\/Gesundheitsschutz f\u00fcr die Feuerwehr, von der Feuerwehrunfallkasse, die Ehrennadel in Silber verliehen. Mit den Worten \u201eIch bin M\u00fcde\u201c verabschiedete sich der anwesende Kreisbrandmeister Frank W\u00f6bbecke bei der Gemeindefeuerwehr Salzhemmendorf. Nachdem W\u00f6bbecke 1991 das Amt des Ausbildungsleiters antrat, ist er nun froh nach \u00fcber 31 Jahren in F\u00fchrungspositionen, das Amt des Kreisbrandmeisters, in wenigen Wochen, an seinen Nachfolger zu \u00fcbergeben. Zum Abschied \u00fcberreichten der Gemeindebrandmeister Rolf Schmidt, sein Stellvertreter Thomas H\u00f6lscher und der Gemeindeb\u00fcrgermeister den ausscheidenden Kreisbrandmeister ein kleines Pr\u00e4sent. F\u00fcr ausgelassene Stimmung sorgte am Abend die Band \u201eHappy Connection\u201c. Spannung gab es noch einmal, als die Verlosung der Tombola begann. 3&#215;4 Eintrittskarten sponserte das Rasti-Land, wor\u00fcber sich die Gewinner aus den Ortsfeuerwehren Salzhemmendorf und Osterwald freuten. Ein weiterer Feuerwehrangeh\u00f6riger aus Salzhemmendorf gewann 2x Tageskarten, die von der Ith-Sole-Therme gestiftet wurden. Der Hauptpreis an diesen Abend wurde von der Bundestagsabgeordneten der CDU \u201eMareike Wulf\u201c zur Verf\u00fcgung gestellt. Dieser beinhaltet eine dreit\u00e4gige Reise nach Berlin mit dem Besuch des Bundestages und vielen weiteren Erlebnissen in der Bundeshauptstadt. Hier hatte der Gemeindepressewart die richtige Losnummer. Die F\u00fchrung der Gemeindefeuerwehr dankte der Kreissparkasse Hameln-Weserbergland, der Volksbank im Wesertal, der VGH Versicherung Marcin Kuczera, sowie der Logocos Naturkosmetik GmbH &amp; Co KG f\u00fcr ihre Unterst\u00fctzung, damit dieser Abend in dieser Form stattfinden konnte.&nbsp; Bericht: Gemeindefeuerwehr Salzhemmendorf&nbsp;&nbsp;<\/p>\n<p><a href=\"https:\/\/www.ffw-lauenstein.de\/?attachment_id=4579\" rel=\"attachment wp-att-4579\"><img loading=\"lazy\" decoding=\"async\" class=\"alignnone size-full wp-image-4579\" src=\"https:\/\/www.ffw-lauenstein.de\/wp-content\/uploads\/2023\/03\/csm_A2_b8470c1e8e.jpeg\" alt=\"\" width=\"800\" height=\"600\" srcset=\"https:\/\/www.ffw-lauenstein.de\/wp-content\/uploads\/2023\/03\/csm_A2_b8470c1e8e.jpeg 800w, https:\/\/www.ffw-lauenstein.de\/wp-content\/uploads\/2023\/03\/csm_A2_b8470c1e8e-768x576.jpeg 768w\" sizes=\"auto, (max-width: 709px) 85vw, (max-width: 909px) 67vw, (max-width: 984px) 61vw, (max-width: 1362px) 45vw, 600px\" \/><\/a><\/p>\n","protected":false},"excerpt":{"rendered":"<p>Am 04.03.2023 fand in der Lauensteiner Mehrzweckhalle der Gemeindefeuerwehrtag statt. Dieser wurde einst vom Ehrengemeindebrandmeister Erwin Hennemann ins Leben gerufen und ist ein Dankesch\u00f6n an alle Ehefrauen und Ehem\u00e4nner\/Partnerinnen und &hellip; <a href=\"https:\/\/www.ffw-lauenstein.de\/?p=4578\" class=\"more-link\"><span class=\"screen-reader-text\">\u201eGemeindefeuerwehrtag 2023\u201c <\/span>weiterlesen<\/a><\/p>\n","protected":false},"author":4,"featured_media":0,"comment_status":"closed","ping_status":"open","sticky":false,"template":"","format":"standard","meta":{"ngg_post_thumbnail":0,"footnotes":""},"categories":[1],"tags":[],"class_list":["post-4578","post","type-post","status-publish","format-standard","hentry","category-veranstaltungen"],"_links":{"self":[{"href":"https:\/\/www.ffw-lauenstein.de\/index.php?rest_route=\/wp\/v2\/posts\/4578","targetHints":{"allow":["GET"]}}],"collection":[{"href":"https:\/\/www.ffw-lauenstein.de\/index.php?rest_route=\/wp\/v2\/posts"}],"about":[{"href":"https:\/\/www.ffw-lauenstein.de\/index.php?rest_route=\/wp\/v2\/types\/post"}],"author":[{"embeddable":true,"href":"https:\/\/www.ffw-lauenstein.de\/index.php?rest_route=\/wp\/v2\/users\/4"}],"replies":[{"embeddable":true,"href":"https:\/\/www.ffw-lauenstein.de\/index.php?rest_route=%2Fwp%2Fv2%2Fcomments&post=4578"}],"version-history":[{"count":2,"href":"https:\/\/www.ffw-lauenstein.de\/index.php?rest_route=\/wp\/v2\/posts\/4578\/revisions"}],"predecessor-version":[{"id":4581,"href":"https:\/\/www.ffw-lauenstein.de\/index.php?rest_route=\/wp\/v2\/posts\/4578\/revisions\/4581"}],"wp:attachment":[{"href":"https:\/\/www.ffw-lauenstein.de\/index.php?rest_route=%2Fwp%2Fv2%2Fmedia&parent=4578"}],"wp:term":[{"taxonomy":"category","embeddable":true,"href":"https:\/\/www.ffw-lauenstein.de\/index.php?rest_route=%2Fwp%2Fv2%2Fcategories&post=4578"},{"taxonomy":"post_tag","embeddable":true,"href":"https:\/\/www.ffw-lauenstein.de\/index.php?rest_route=%2Fwp%2Fv2%2Ftags&post=4578"}],"curies":[{"name":"wp","href":"https:\/\/api.w.org\/{rel}","templated":true}]}}