{"id":4595,"date":"2023-04-22T07:52:14","date_gmt":"2023-04-22T05:52:14","guid":{"rendered":"https:\/\/www.ffw-lauenstein.de\/?p=4595"},"modified":"2023-04-22T07:52:14","modified_gmt":"2023-04-22T05:52:14","slug":"zwei-lauensteiner-kameraden-bestehen-truppmannausbildung-1","status":"publish","type":"post","link":"https:\/\/www.ffw-lauenstein.de\/?p=4595","title":{"rendered":"Zwei Lauensteiner Kameraden bestehen Truppmannausbildung 1"},"content":{"rendered":"<p>Vor rund acht Wochen begannen zw\u00f6lf neue Feuerwehranw\u00e4rter mit ihrer Truppmannausbildung. 92 Stunden investierten die jungen Frauen und M\u00e4nner aus den Ortsfeuerwehren Oldendorf, Osterwald, Lauenstein, Salzhemmendorf und Wallensen in das Ehrenamt, um vom Gemeinde-Ausbildungsleiter Ingo Walter und sein Ausbilderteam die Grundkenntnisse zu erlangen. Theorie, Praxis und Erste-Hilfe standen auf den Stundenplan. Am vergangenen Freitag mussten die Anw\u00e4rter dann ihr Praktisches k\u00f6nnen unter Beweis stellen und bestanden diese Pr\u00fcfung mit Bravour. Am Dienstagabend wurde es dann noch einmal ernst. Kreisbrandmeister Kay Leinemann und Kreisausbildungsleiter Oliver Brakhan f\u00fchlten den jungen Feuerwehranw\u00e4rtern mit der schriftlichen sowie m\u00fcndlichen Pr\u00fcfung auf den Zahn. Trotz der gro\u00dfen Anspannung, die den Pr\u00fcflingen anzusehen war, haben sie auch diese H\u00fcrde souver\u00e4n gemeistert und mit Bestnoten bestanden. Die Gemeindefeuerwehr gratuliert zu dieser hervorragenden Leistung! Wir w\u00fcnschen euch auch weiterhin viel Erfolg und kommt immer gesund von euren Eins\u00e4tzen zur\u00fcck.<\/p>\n<p><a href=\"https:\/\/www.ffw-lauenstein.de\/?attachment_id=4596\" rel=\"attachment wp-att-4596\"><img loading=\"lazy\" decoding=\"async\" class=\"alignnone size-full wp-image-4596\" src=\"https:\/\/www.ffw-lauenstein.de\/wp-content\/uploads\/2023\/04\/csm_aa1_53c8626603.jpeg\" alt=\"\" width=\"800\" height=\"338\" srcset=\"https:\/\/www.ffw-lauenstein.de\/wp-content\/uploads\/2023\/04\/csm_aa1_53c8626603.jpeg 800w, https:\/\/www.ffw-lauenstein.de\/wp-content\/uploads\/2023\/04\/csm_aa1_53c8626603-768x324.jpeg 768w\" sizes=\"auto, (max-width: 709px) 85vw, (max-width: 909px) 67vw, (max-width: 984px) 61vw, (max-width: 1362px) 45vw, 600px\" \/><\/a> <a href=\"https:\/\/www.ffw-lauenstein.de\/?attachment_id=4597\" rel=\"attachment wp-att-4597\"><img loading=\"lazy\" decoding=\"async\" class=\"alignnone size-large wp-image-4597\" src=\"https:\/\/www.ffw-lauenstein.de\/wp-content\/uploads\/2023\/04\/csm_aa8_3dd30dc7e2.jpeg\" alt=\"\" width=\"800\" height=\"600\" srcset=\"https:\/\/www.ffw-lauenstein.de\/wp-content\/uploads\/2023\/04\/csm_aa8_3dd30dc7e2.jpeg 800w, https:\/\/www.ffw-lauenstein.de\/wp-content\/uploads\/2023\/04\/csm_aa8_3dd30dc7e2-768x576.jpeg 768w\" sizes=\"auto, (max-width: 709px) 85vw, (max-width: 909px) 67vw, (max-width: 984px) 61vw, (max-width: 1362px) 45vw, 600px\" \/><\/a>Bericht: Gemeindefeuerwehr Salzhemmendorf <a href=\"https:\/\/gf-salzhemmendorf.de\/de\/startseite\/?tx_news_pi1%5Bnews%5D=108&amp;tx_news_pi1%5Bcontroller%5D=News&amp;tx_news_pi1%5Baction%5D=detail&amp;cHash=36deab65df401fafa8c159ae0b4c7a35\">Willkommen bei der Gemeindefeuerwehr Salzhemmendorf | Retten, L\u00f6schen, Bergen, Sch\u00fctzen (gf-salzhemmendorf.de)<\/a><\/p>\n","protected":false},"excerpt":{"rendered":"<p>Vor rund acht Wochen begannen zw\u00f6lf neue Feuerwehranw\u00e4rter mit ihrer Truppmannausbildung. 92 Stunden investierten die jungen Frauen und M\u00e4nner aus den Ortsfeuerwehren Oldendorf, Osterwald, Lauenstein, Salzhemmendorf und Wallensen in das &hellip; <a href=\"https:\/\/www.ffw-lauenstein.de\/?p=4595\" class=\"more-link\"><span class=\"screen-reader-text\">\u201eZwei Lauensteiner Kameraden bestehen Truppmannausbildung 1\u201c <\/span>weiterlesen<\/a><\/p>\n","protected":false},"author":4,"featured_media":0,"comment_status":"closed","ping_status":"open","sticky":false,"template":"","format":"standard","meta":{"ngg_post_thumbnail":0,"footnotes":""},"categories":[13],"tags":[],"class_list":["post-4595","post","type-post","status-publish","format-standard","hentry","category-sonstiges"],"_links":{"self":[{"href":"https:\/\/www.ffw-lauenstein.de\/index.php?rest_route=\/wp\/v2\/posts\/4595","targetHints":{"allow":["GET"]}}],"collection":[{"href":"https:\/\/www.ffw-lauenstein.de\/index.php?rest_route=\/wp\/v2\/posts"}],"about":[{"href":"https:\/\/www.ffw-lauenstein.de\/index.php?rest_route=\/wp\/v2\/types\/post"}],"author":[{"embeddable":true,"href":"https:\/\/www.ffw-lauenstein.de\/index.php?rest_route=\/wp\/v2\/users\/4"}],"replies":[{"embeddable":true,"href":"https:\/\/www.ffw-lauenstein.de\/index.php?rest_route=%2Fwp%2Fv2%2Fcomments&post=4595"}],"version-history":[{"count":1,"href":"https:\/\/www.ffw-lauenstein.de\/index.php?rest_route=\/wp\/v2\/posts\/4595\/revisions"}],"predecessor-version":[{"id":4598,"href":"https:\/\/www.ffw-lauenstein.de\/index.php?rest_route=\/wp\/v2\/posts\/4595\/revisions\/4598"}],"wp:attachment":[{"href":"https:\/\/www.ffw-lauenstein.de\/index.php?rest_route=%2Fwp%2Fv2%2Fmedia&parent=4595"}],"wp:term":[{"taxonomy":"category","embeddable":true,"href":"https:\/\/www.ffw-lauenstein.de\/index.php?rest_route=%2Fwp%2Fv2%2Fcategories&post=4595"},{"taxonomy":"post_tag","embeddable":true,"href":"https:\/\/www.ffw-lauenstein.de\/index.php?rest_route=%2Fwp%2Fv2%2Ftags&post=4595"}],"curies":[{"name":"wp","href":"https:\/\/api.w.org\/{rel}","templated":true}]}}