{"id":4600,"date":"2023-05-06T07:58:40","date_gmt":"2023-05-06T05:58:40","guid":{"rendered":"https:\/\/www.ffw-lauenstein.de\/?p=4600"},"modified":"2023-05-06T07:58:40","modified_gmt":"2023-05-06T05:58:40","slug":"verkehrsunfall-auf-l425","status":"publish","type":"post","link":"https:\/\/www.ffw-lauenstein.de\/?p=4600","title":{"rendered":"Verkehrsunfall auf L425"},"content":{"rendered":"<p>Mit dem Alarmstichwort \u201eVerkehrsunfall mit eingeklemmter Person\u201c wurden am 04.05.2023 die Feuerwehren Lauenstein, Salzhemmendorf und Oldendorf auf die L425 in H\u00f6he des Wanderparkplatzes alarmiert. Ein Mann, der mit seinem Elektromobil von Lauenstein in Richtung Haus Harderode unterwegs war, verlor aus bislang unbekannten Gr\u00fcnden die Kontrolle \u00fcber sein Fahrzeug und geriet ins Schlingern. Das Elektromobil geriet auf die Gegenfahrbahn und st\u00fctzte schlie\u00dflich auf die Seite. Vor Ort konnte der Einsatzleiter Jens Brock jedoch schnell Entwarnung geben, der Fahrer konnte sich selbstst\u00e4ndig aus seinem Fahrzeug befreien und wurde beim Eintreffen der ersten Feuerwehrleute bereits von Sanit\u00e4tern der Hemmendorfer Rettungswache behandelt. Auch ein Notarzt aus Bodenwerder steuerte die Ungl\u00fccksstelle auf dem Ith an. Der Ungl\u00fccksfahrer trug nur leichte Verletzungen davon und musste auch keinem Krankenhaus zugef\u00fchrt werden. Die Feuerwehrleute sicherten die Unfallstelle ab, stellten den Havaristen mit Muskelkraft wieder auf seine R\u00e4der und regelten den Verkehr. Bericht Gemeindefeuerwehr Salzhemmendorf <a href=\"https:\/\/gf-salzhemmendorf.de\/de\/einsaetze\/einsatz-detail\/?tx_operations_list%5Boperation%5D=328&amp;tx_operations_list%5Baction%5D=show&amp;tx_operations_list%5Bcontroller%5D=Operation&amp;cHash=7e61814973aa822fc656ca4c05cc7c3e\">Einsatz-Detail | Retten, L\u00f6schen, Bergen, Sch\u00fctzen (gf-salzhemmendorf.de)<\/a><\/p>\n","protected":false},"excerpt":{"rendered":"<p>Mit dem Alarmstichwort \u201eVerkehrsunfall mit eingeklemmter Person\u201c wurden am 04.05.2023 die Feuerwehren Lauenstein, Salzhemmendorf und Oldendorf auf die L425 in H\u00f6he des Wanderparkplatzes alarmiert. Ein Mann, der mit seinem Elektromobil &hellip; <a href=\"https:\/\/www.ffw-lauenstein.de\/?p=4600\" class=\"more-link\"><span class=\"screen-reader-text\">\u201eVerkehrsunfall auf L425\u201c <\/span>weiterlesen<\/a><\/p>\n","protected":false},"author":4,"featured_media":0,"comment_status":"closed","ping_status":"open","sticky":false,"template":"","format":"standard","meta":{"ngg_post_thumbnail":0,"footnotes":""},"categories":[31],"tags":[],"class_list":["post-4600","post","type-post","status-publish","format-standard","hentry","category-einsaetze-2023"],"_links":{"self":[{"href":"https:\/\/www.ffw-lauenstein.de\/index.php?rest_route=\/wp\/v2\/posts\/4600","targetHints":{"allow":["GET"]}}],"collection":[{"href":"https:\/\/www.ffw-lauenstein.de\/index.php?rest_route=\/wp\/v2\/posts"}],"about":[{"href":"https:\/\/www.ffw-lauenstein.de\/index.php?rest_route=\/wp\/v2\/types\/post"}],"author":[{"embeddable":true,"href":"https:\/\/www.ffw-lauenstein.de\/index.php?rest_route=\/wp\/v2\/users\/4"}],"replies":[{"embeddable":true,"href":"https:\/\/www.ffw-lauenstein.de\/index.php?rest_route=%2Fwp%2Fv2%2Fcomments&post=4600"}],"version-history":[{"count":1,"href":"https:\/\/www.ffw-lauenstein.de\/index.php?rest_route=\/wp\/v2\/posts\/4600\/revisions"}],"predecessor-version":[{"id":4601,"href":"https:\/\/www.ffw-lauenstein.de\/index.php?rest_route=\/wp\/v2\/posts\/4600\/revisions\/4601"}],"wp:attachment":[{"href":"https:\/\/www.ffw-lauenstein.de\/index.php?rest_route=%2Fwp%2Fv2%2Fmedia&parent=4600"}],"wp:term":[{"taxonomy":"category","embeddable":true,"href":"https:\/\/www.ffw-lauenstein.de\/index.php?rest_route=%2Fwp%2Fv2%2Fcategories&post=4600"},{"taxonomy":"post_tag","embeddable":true,"href":"https:\/\/www.ffw-lauenstein.de\/index.php?rest_route=%2Fwp%2Fv2%2Ftags&post=4600"}],"curies":[{"name":"wp","href":"https:\/\/api.w.org\/{rel}","templated":true}]}}