{"id":4613,"date":"2023-06-07T19:30:26","date_gmt":"2023-06-07T17:30:26","guid":{"rendered":"https:\/\/www.ffw-lauenstein.de\/?p=4613"},"modified":"2023-06-07T19:30:26","modified_gmt":"2023-06-07T17:30:26","slug":"flaechenbrand-in-salzhemmendorf","status":"publish","type":"post","link":"https:\/\/www.ffw-lauenstein.de\/?p=4613","title":{"rendered":"Fl\u00e4chenbrand in Salzhemmendorf"},"content":{"rendered":"<p>Zu einem Fl\u00e4chenbrand sind am fr\u00fchen Abend die Feuerwehren Salzhemmendorf, Hemmendorf, Lauenstein sowie das Tankl\u00f6schfahrzeug aus Oldendorf alarmiert worden. Auf einer Wiese in der Fl\u00f6thstra\u00dfe brach aus bislang unbekannter Ursache ein Feuer aus. Beim Eintreffen der ersten Einsatzkr\u00e4fte brannten circa 20 Quadratmeter Weideland sowie einige h\u00f6lzerne Weidepf\u00e4hle. Mit viel Wasser aus drei C-Rohren und dem Einsatz von Feuerpatschen konnten die Einsatzkr\u00e4fte das Feuer schnell l\u00f6schen. Mit einer W\u00e4rmebildkamera wurden anschlie\u00dfend noch einige Glutnester aufgesp\u00fcrt und abgel\u00f6scht sowie die Wiese gro\u00dffl\u00e4chig mit Wasser benetzt. Bericht Gemeindefeuerwehr Salzhemmendorf<\/p>\n","protected":false},"excerpt":{"rendered":"<p>Zu einem Fl\u00e4chenbrand sind am fr\u00fchen Abend die Feuerwehren Salzhemmendorf, Hemmendorf, Lauenstein sowie das Tankl\u00f6schfahrzeug aus Oldendorf alarmiert worden. Auf einer Wiese in der Fl\u00f6thstra\u00dfe brach aus bislang unbekannter Ursache &hellip; <a href=\"https:\/\/www.ffw-lauenstein.de\/?p=4613\" class=\"more-link\"><span class=\"screen-reader-text\">\u201eFl\u00e4chenbrand in Salzhemmendorf\u201c <\/span>weiterlesen<\/a><\/p>\n","protected":false},"author":4,"featured_media":0,"comment_status":"closed","ping_status":"open","sticky":false,"template":"","format":"standard","meta":{"ngg_post_thumbnail":0,"footnotes":""},"categories":[31],"tags":[],"class_list":["post-4613","post","type-post","status-publish","format-standard","hentry","category-einsaetze-2023"],"_links":{"self":[{"href":"https:\/\/www.ffw-lauenstein.de\/index.php?rest_route=\/wp\/v2\/posts\/4613","targetHints":{"allow":["GET"]}}],"collection":[{"href":"https:\/\/www.ffw-lauenstein.de\/index.php?rest_route=\/wp\/v2\/posts"}],"about":[{"href":"https:\/\/www.ffw-lauenstein.de\/index.php?rest_route=\/wp\/v2\/types\/post"}],"author":[{"embeddable":true,"href":"https:\/\/www.ffw-lauenstein.de\/index.php?rest_route=\/wp\/v2\/users\/4"}],"replies":[{"embeddable":true,"href":"https:\/\/www.ffw-lauenstein.de\/index.php?rest_route=%2Fwp%2Fv2%2Fcomments&post=4613"}],"version-history":[{"count":1,"href":"https:\/\/www.ffw-lauenstein.de\/index.php?rest_route=\/wp\/v2\/posts\/4613\/revisions"}],"predecessor-version":[{"id":4614,"href":"https:\/\/www.ffw-lauenstein.de\/index.php?rest_route=\/wp\/v2\/posts\/4613\/revisions\/4614"}],"wp:attachment":[{"href":"https:\/\/www.ffw-lauenstein.de\/index.php?rest_route=%2Fwp%2Fv2%2Fmedia&parent=4613"}],"wp:term":[{"taxonomy":"category","embeddable":true,"href":"https:\/\/www.ffw-lauenstein.de\/index.php?rest_route=%2Fwp%2Fv2%2Fcategories&post=4613"},{"taxonomy":"post_tag","embeddable":true,"href":"https:\/\/www.ffw-lauenstein.de\/index.php?rest_route=%2Fwp%2Fv2%2Ftags&post=4613"}],"curies":[{"name":"wp","href":"https:\/\/api.w.org\/{rel}","templated":true}]}}